{"id":4802,"date":"2024-12-05T00:00:00","date_gmt":"2024-12-04T23:00:00","guid":{"rendered":"https:\/\/fontyblog.fr\/activites-culturelles-a-fontainebleau\/"},"modified":"2026-03-22T11:59:52","modified_gmt":"2026-03-22T10:59:52","slug":"activites-culturelles-a-fontainebleau","status":"publish","type":"post","link":"https:\/\/fontyblog.fr\/fr\/activites-culturelles-a-fontainebleau\/","title":{"rendered":"Activit\u00e9s culturelles \u00e0 Fontainebleau"},"content":{"rendered":"\t\t<div data-elementor-type=\"wp-post\" data-elementor-id=\"4802\" class=\"elementor elementor-4802\" data-elementor-post-type=\"post\">\n\t\t\t\t<div class=\"elementor-element elementor-element-ce17d98 e-flex e-con-boxed e-con e-parent\" data-id=\"ce17d98\" data-element_type=\"container\" data-e-type=\"container\">\n\t\t\t\t\t<div class=\"e-con-inner\">\n\t\t\t\t<div class=\"elementor-element elementor-element-b9ca392 elementor-widget elementor-widget-text-editor\" data-id=\"b9ca392\" data-element_type=\"widget\" data-e-type=\"widget\" data-widget_type=\"text-editor.default\">\n\t\t\t\t<div class=\"elementor-widget-container\">\n\t\t\t\t\t\t\t\t\t<h2>Activit\u00e9s culturelles \u00e0 Fontainebleau<\/h2>\n\n<h3>1. Visites historiques<\/h3>\n\n<ul>\n<li><h4>Ch\u00e2teau de Fontainebleau<\/h4>\nLe <b>ch\u00e2teau royal de Fontainebleau<\/b> t\u00e9moigne de trois si\u00e8cles d'architecture fran\u00e7aise, des styles Renaissance au classique. Inscrit au patrimoine mondial de l'UNESCO, il fut la r\u00e9sidence de <b>Fran\u00e7ois Ier<\/b> qui y fit venir les plus grands artistes italiens de son \u00e9poque.\n\nLes <b>appartements priv\u00e9s de Napol\u00e9on<\/b> et la c\u00e9l\u00e8bre <b>Galerie Fran\u00e7ois Ier<\/b> constituent les attractions les plus visit\u00e9es de cette &#8220;vraie demeure des rois, maison des si\u00e8cles&#8221;. Le ch\u00e2teau s'organise autour de quatre cours principales : la Cour du Cheval Blanc, la Cour Ovale, la Cour de la Fontaine et la Cour des Offices.\n\n<div style=\"background-color: #e8f4f8; padding: 10px; border-left: 4px solid #2196F3; margin: 10px 0;\">\n<strong>\ud83d\udccd \u00c0 noter :<\/strong> Le ch\u00e2teau compte plus de 1500 pi\u00e8ces et 130 hectares de jardins \u00e0 la fran\u00e7aise\n<\/div>\n<\/li>\n\n<li><h4>Sites historiques locaux<\/h4>\nLa ville de Fontainebleau compte <b>32 b\u00e2timents inscrits<\/b> \u00e0 l'inventaire suppl\u00e9mentaire des monuments historiques et deux b\u00e2timents class\u00e9s.\n\nL'<b>\u00e9glise Saint-Louis<\/b>, construite \u00e0 partir de 1610 sous Henri IV, repr\u00e9sente un chef-d'\u0153uvre du classicisme fran\u00e7ais avec son architecture remarquable. La <b>chapelle de la Trinit\u00e9<\/b>, joyau Renaissance command\u00e9 par Fran\u00e7ois Ier, se distingue par son plafond \u00e0 caissons et ses fresques italiennes exceptionnelles.\n\nLe patrimoine religieux du Pays de Fontainebleau comprend \u00e9galement <b>Notre-Dame-de-l'Assomption<\/b> \u00e0 Samoreau, avec sa nef romane du 12\u00e8me si\u00e8cle.\n<\/li>\n\n<li><h4>Balades th\u00e9matiques<\/h4>\nDes <b>visites guid\u00e9es th\u00e9matiques<\/b> permettent de d\u00e9couvrir l'histoire locale \u00e0 travers les rues et monuments de Fontainebleau. Ces parcours organis\u00e9s r\u00e9v\u00e8lent l'\u00e9volution urbaine et architecturale de cette <b>ville imp\u00e9riale<\/b> \u00e0 travers les si\u00e8cles.\n\nLes guides professionnels proposent des <b>itin\u00e9raires adapt\u00e9s<\/b> pour comprendre le lien entre le ch\u00e2teau et la ville qui s'est d\u00e9velopp\u00e9e autour de lui. Ces balades incluent souvent la d\u00e9couverte des h\u00f4tels particuliers et des b\u00e2timents embl\u00e9matiques du centre historique.\n<\/li>\n<\/ul>\n\n<h3>2. Mus\u00e9es et galeries d'art<\/h3>\n\n<ul>\n<li><h4>Mus\u00e9e Napol\u00e9on<\/h4>\nLe <b>Mus\u00e9e Napol\u00e9on<\/b>, install\u00e9 dans l'aile Louis XV du ch\u00e2teau, pr\u00e9sente plus de <b>500 \u0153uvres<\/b> retra\u00e7ant les dix ann\u00e9es de r\u00e8gne de Napol\u00e9on Ier.\n\nLes collections exceptionnelles comprennent des meubles d'\u00e9poque, objets d'art, tableaux, sculptures, armes, costumes et c\u00e9ramiques ayant appartenu \u00e0 l'Empereur. Les visiteurs peuvent admirer le c\u00e9l\u00e8bre <b>portrait de Napol\u00e9on<\/b> r\u00e9alis\u00e9 par Fran\u00e7ois G\u00e9rard et d\u00e9ambuler dans les appartements priv\u00e9s de celui qui r\u00e9gna sur l'Europe.\n\n<div style=\"background-color: #fff3e0; padding: 10px; border-left: 4px solid #ff9800; margin: 10px 0;\">\n<strong>\ud83d\udccd Le saviez-vous ?<\/strong> Le mus\u00e9e offre une synth\u00e8se compl\u00e8te de l'histoire napol\u00e9onienne \u00e0 travers des chefs-d'\u0153uvre et une mise en sc\u00e8ne luxueuse\n<\/div>\n<\/li>\n\n<li><h4>Galeries locales<\/h4>\nLa <b>Maison des Artisans d'Art<\/b>, ouverte en septembre 2025 au 4 rue Royale, rassemble des <b>artisans locaux<\/b> dans un espace d'exposition et de vente.\n\nCette galerie permanente met \u00e0 l'honneur une vingtaine de savoir-faire traditionnels : <b>tapisserie d'ameublement<\/b>, bijouterie, <b>dorure \u00e0 la feuille<\/b>, maroquinerie, vitraux et \u00e9maux. Des expositions temporaires renouvel\u00e9es tous les deux mois permettent de d\u00e9couvrir la diversit\u00e9 de l'artisanat d'art du territoire.\n\nL'espace propose \u00e9galement des <b>ateliers d'initiation<\/b> accessibles \u00e0 tous les publics pour s'initier aux m\u00e9tiers de la main.\n<\/li>\n\n<li><h4>Ateliers d'artistes<\/h4>\nLes <b>Journ\u00e9es Europ\u00e9ennes des M\u00e9tiers d'Art<\/b> permettent chaque ann\u00e9e de d\u00e9couvrir les ateliers d'artisans locaux qui ouvrent leurs portes au public.\n\nL'atelier de <b>tapisserie du ch\u00e2teau<\/b> propose des visites guid\u00e9es exceptionnelles pour comprendre l'entretien et la restauration du mobilier historique. Les ateliers de c\u00e9ramique, vitrail et autres m\u00e9tiers d'art situ\u00e9s dans les communes environnantes comme Recloses accueillent les visiteurs pour des d\u00e9monstrations.\n\nCes rencontres permettent d'observer les <b>gestes s\u00e9culaires<\/b> transmis de g\u00e9n\u00e9ration en g\u00e9n\u00e9ration et les outils sp\u00e9cialis\u00e9s de chaque m\u00e9tier.\n<\/li>\n<\/ul>\n\n<h3>3. Th\u00e9\u00e2tre et spectacle vivant<\/h3>\n\n<ul>\n<li><h4>Salles de spectacles<\/h4>\nLe <b>Th\u00e9\u00e2tre Municipal de Fontainebleau<\/b> propose une programmation pluridisciplinaire de spectacles vivants tout au long de l'ann\u00e9e.\n\nCette salle organise des actions de rencontre entre publics et artistes, notamment lors d'\u00e9v\u00e9nements comme <b>&#8220;Les Journ\u00e9es curieuses&#8221;<\/b> et <b>&#8220;Une semaine en&#8221;<\/b>. Le th\u00e9\u00e2tre d\u00e9veloppe \u00e9galement des actions culturelles sp\u00e9cifiques pour les publics emp\u00each\u00e9s, handicap\u00e9s et scolaires dans le cadre de sa mission de service public.\n\nDes <b>visites guid\u00e9es insolites<\/b> sont propos\u00e9es les week-ends pour d\u00e9couvrir l'univers du spectacle vivant et les coulisses de ce lieu culturel embl\u00e9matique.\n<\/li>\n\n<li><h4>Festivals culturels<\/h4>\nLe <b>Festival de l'Histoire de l'Art<\/b> se d\u00e9roule chaque ann\u00e9e le premier week-end de juin, r\u00e9unissant artistes, professionnels des mus\u00e9es et chercheurs internationaux.\n\nCet \u00e9v\u00e9nement unique propose des <b>conf\u00e9rences<\/b>, tables rondes, projections de films et expositions dans diff\u00e9rents lieux de la ville. Une section cin\u00e9ma importante se tient dans les quatre salles du cin\u00e9ma Ermitage, retra\u00e7ant l'histoire du cin\u00e9ma mondial \u00e0 travers des genres et pays vari\u00e9s.\n\n<div style=\"background-color: #f3e5f5; padding: 10px; border-left: 4px solid #9c27b0; margin: 10px 0;\">\n<strong>\ud83c\udfad Le saviez-vous ?<\/strong> Le festival comprend \u00e9galement une foire du livre et de la revue d'art qui accueille plus de 70 \u00e9diteurs sp\u00e9cialis\u00e9s dans la cour ovale du ch\u00e2teau\n<\/div>\n<\/li>\n\n<li><h4>Art de rue<\/h4>\nDes compagnies professionnelles de th\u00e9\u00e2tre comme <b>&#8220;Les Arlequins&#8221;<\/b> sont bas\u00e9es \u00e0 Fontainebleau et proposent des spectacles vivants ainsi que des animations d'ateliers.\n\nLe <b>Th\u00e9\u00e2tre de l'\u00c2ne Vert<\/b>, lieu historique situ\u00e9 6 rue des Sablons, offre 74 places dans une salle intimiste avec une excellente acoustique et une connivence directe avec les artistes. La <b>Compagnie Naphralytep<\/b>, en r\u00e9sidence permanente, propose un large \u00e9ventail de spectacles incluant de nombreuses cr\u00e9ations originales.\n\nDes spectacles en plein air et des <b>animations th\u00e9\u00e2tralis\u00e9es<\/b> sont \u00e9galement organis\u00e9s en for\u00eat de Fontainebleau, notamment des parcours cont\u00e9s pour les enfants.\n<\/li>\n<\/ul>\n\n<h3>4. Litt\u00e9rature et \u00e9criture<\/h3>\n\n<ul>\n<li><h4>Maison de la po\u00e9sie<\/h4>\nDes <b>interventions po\u00e9tiques<\/b> sont organis\u00e9es dans les \u00e9tablissements scolaires avec des artistes qui se d\u00e9placent de classe en classe pour des rencontres de 15 \u00e0 20 minutes.\n\nCes actions de m\u00e9diation litt\u00e9raire permettent aux jeunes de d\u00e9couvrir la <b>po\u00e9sie contemporaine<\/b> et d'\u00e9changer avec des auteurs professionnels. Les r\u00e9sidences d'artistes et les programmes de m\u00e9diation culturelle favorisent la cr\u00e9ation litt\u00e9raire locale et les rencontres avec le public.\n\nDes <b>lectures publiques<\/b> et des \u00e9v\u00e9nements litt\u00e9raires ponctuent r\u00e9guli\u00e8rement la vie culturelle de la ville.\n<\/li>\n\n<li><h4>Salades litt\u00e9raires<\/h4>\nLa <b>Librairie du March\u00e9<\/b> propose un rayon litt\u00e9rature d\u00e9di\u00e9 aux amateurs de belles lettres, avec une s\u00e9lection de romans, nouvelles contemporains et classiques intemporels.\n\nL'\u00e9quipe de <b>libraires ind\u00e9pendants<\/b>, compos\u00e9e de passionn\u00e9s de litt\u00e9rature, offre des conseils personnalis\u00e9s pour trouver le livre id\u00e9al selon les go\u00fbts de chacun. La librairie organise r\u00e9guli\u00e8rement des s\u00e9lections th\u00e9matiques et met en avant les nouveaut\u00e9s ainsi que les meilleures ventes du moment.\n\nDes sections sp\u00e9cialis\u00e9es couvrent la <b>po\u00e9sie<\/b>, le <b>th\u00e9\u00e2tre<\/b>, les contes et l\u00e9gendes, ainsi que l'art \u00e9pistolaire pour tous les amoureux des mots.\n<\/li>\n\n<li><h4>Ateliers d'\u00e9criture<\/h4>\nDes espaces cr\u00e9atifs proposent des <b>ateliers d'initiation<\/b> \u00e0 diff\u00e9rentes formes d'\u00e9criture, de la po\u00e9sie au r\u00e9cit autobiographique.\n\nCes sessions permettent aux participants de d\u00e9velopper leur <b>cr\u00e9ativit\u00e9 litt\u00e9raire<\/b> dans un cadre bienveillant et stimulant. Les animateurs professionnels accompagnent les apprentis \u00e9crivains dans leur d\u00e9marche cr\u00e9ative, qu'ils soient d\u00e9butants ou plus exp\u00e9riment\u00e9s.\n\nLes ateliers abordent aussi bien les <b>techniques narratives<\/b> que les exercices de style, favorisant l'expression personnelle et la d\u00e9couverte de sa propre voix litt\u00e9raire.\n<\/li>\n<\/ul>\n\n<h3>5. Cin\u00e9ma<\/h3>\n\n<ul>\n<li><h4>Cin\u00e9-clubs<\/h4>\nLe <b>cin\u00e9ma Ermitage de Fontainebleau<\/b> accueille des projections de films d'auteur et de cin\u00e9ma classique avec des s\u00e9ances pr\u00e9sent\u00e9es et suivies de discussions.\n\nCes \u00e9v\u00e9nements cin\u00e9matographiques permettent de d\u00e9couvrir des <b>\u0153uvres rares<\/b>, des films de r\u00e9pertoire et des productions internationales m\u00e9connues. Les s\u00e9ances sont anim\u00e9es par des critiques et sp\u00e9cialistes qui apportent un \u00e9clairage sur l'histoire du cin\u00e9ma et les techniques filmiques.\n\nLe programme comprend des <b>cycles th\u00e9matiques<\/b>, des retrospectives d'auteurs et des d\u00e9couvertes de cin\u00e9matographies \u00e9trang\u00e8res.\n\n<div style=\"background-color: #e8f5e8; padding: 10px; border-left: 4px solid #4caf50; margin: 10px 0;\">\n<strong>\ud83c\udfac Programmation :<\/strong> Films d'auteur, cin\u00e9ma classique et productions internationales avec animations critiques\n<\/div>\n<\/li>\n\n<li><h4>Festivals de cin\u00e9ma<\/h4>\nLa section cin\u00e9ma du <b>Festival de l'Histoire de l'Art<\/b> propose une soixantaine de s\u00e9ances avec des films courts et longs, fictions et documentaires de toutes les \u00e9poques.\n\nDes rencontres avec des <b>r\u00e9alisateurs<\/b>, artistes, acteurs et chercheurs enrichissent les projections pour cr\u00e9er un v\u00e9ritable dialogue autour du septi\u00e8me art. Le festival <b>S\u00e9rie Series<\/b>, d\u00e9di\u00e9 aux cr\u00e9ateurs europ\u00e9ens de s\u00e9ries, organise des \u00e9v\u00e9nements publics et un sommet professionnel pour fa\u00e7onner &#8220;l'Europe des s\u00e9ries&#8221;.\n\n<b>L'\u00c9t\u00e9 de la Toile Filante<\/b> propose des projections en plein air gratuites dans diff\u00e9rentes communes de Seine-et-Marne, avec animations et food-trucks.\n<\/li>\n\n<li><h4>Cin\u00e9ma local<\/h4>\nLe <b>cin\u00e9ma Ermitage<\/b>, situ\u00e9 \u00e0 quelques pas du ch\u00e2teau, constitue le principal lieu de diffusion cin\u00e9matographique de Fontainebleau.\n\nCette salle historique accueille r\u00e9guli\u00e8rement des <b>avant-premi\u00e8res<\/b>, des festivals sp\u00e9cialis\u00e9s et des \u00e9v\u00e9nements cin\u00e9matographiques d'envergure nationale. La programmation m\u00e9lange les blockbusters grand public et le <b>cin\u00e9ma d'auteur<\/b> pour satisfaire tous les publics de la r\u00e9gion.\n\nDes partenariats avec les institutions culturelles locales permettent d'organiser des <b>soir\u00e9es th\u00e9matiques<\/b> et des cycles d\u00e9di\u00e9s \u00e0 des sujets sp\u00e9cifiques.\n<\/li>\n<\/ul>\n\n<h3>6. Artisanat et m\u00e9tiers d'art<\/h3>\n\n<ul>\n<li><h4>Ateliers artisanaux<\/h4>\nLa <b>Maison des Artisans d'Art<\/b> propose des initiations aux m\u00e9tiers traditionnels comme le travail des \u00e9maux, la broderie traditionnelle et l'art de la <b>dorure \u00e0 la feuille<\/b>.\n\nLes visiteurs peuvent d\u00e9couvrir des techniques ancestrales comme la <b>laque<\/b> ou s'initier \u00e0 l'art du <b>vitrail<\/b> dans des ateliers encadr\u00e9s par des professionnels. Ces espaces cr\u00e9atifs permettent d'observer et de pratiquer des savoir-faire s\u00e9culaires transmis de g\u00e9n\u00e9ration en g\u00e9n\u00e9ration.\n\nLes ateliers accueillent tous les publics, des enfants aux adultes, pour des s\u00e9ances de <b>d\u00e9couverte<\/b> ou d'<b>approfondissement<\/b> selon le niveau de chacun.\n<\/li>\n\n<li><h4>March\u00e9s d'art<\/h4>\nLes <b>Journ\u00e9es Europ\u00e9ennes des M\u00e9tiers d'Art<\/b> permettent de rencontrer directement les artisans dans leurs ateliers et de d\u00e9couvrir leurs cr\u00e9ations uniques.\n\nDes <b>d\u00e9monstrations en direct<\/b> r\u00e9v\u00e8lent les gestes techniques sp\u00e9cifiques \u00e0 chaque m\u00e9tier, de la c\u00e9ramique \u00e0 la taille de topiaire. Ces \u00e9v\u00e9nements favorisent les \u00e9changes entre artisans et public, permettant de comprendre les enjeux de <b>pr\u00e9servation des m\u00e9tiers traditionnels<\/b>.\n\n<div style=\"background-color: #fff8e1; padding: 10px; border-left: 4px solid #ffc107; margin: 10px 0;\">\n<strong>\ud83c\udfa8 \u00c9v\u00e9nement :<\/strong> La Maison des Artisans d'Art organise \u00e9galement des expositions temporaires mettant en valeur les cr\u00e9ations des artisans locaux\n<\/div>\n<\/li>\n\n<li><h4>Formations et stages<\/h4>\nDes <b>stages d'initiation et de perfectionnement<\/b> sont propos\u00e9s tout au long de l'ann\u00e9e dans diff\u00e9rentes disciplines artisanales.\n\nLes participants peuvent s'inscrire \u00e0 des formations courtes pour d\u00e9couvrir un m\u00e9tier ou \u00e0 des <b>cursus plus longs<\/b> pour d\u00e9velopper une expertise. L'encadrement par des <b>ma\u00eetres artisans<\/b> garantit la transmission fid\u00e8le des techniques traditionnelles et des bonnes pratiques professionnelles.\n\nCes formations s'adressent aussi bien aux <b>amateurs passionn\u00e9s<\/b> qu'aux personnes envisageant une reconversion dans l'artisanat d'art.\n<\/li>\n<\/ul>\n\n<h3>7. \u00c9v\u00e9nements culturels<\/h3>\n\n<ul>\n<li><h4>Concerts et performances en plein air<\/h4>\nLa <b>for\u00eat de Fontainebleau<\/b> accueille des concerts et performances musicales dans ses clairi\u00e8res et espaces naturels remarquables.\n\nDes spectacles de <b>musique classique<\/b>, jazz et musique contemporaine sont organis\u00e9s lors des beaux jours dans des cadres exceptionnels. Ces \u00e9v\u00e9nements en plein air permettent de concilier d\u00e9couverte culturelle et <b>immersion dans la nature<\/b> pr\u00e9serv\u00e9e du massif forestier.\n\nLes concerts b\u00e9n\u00e9ficient souvent de l'<b>acoustique naturelle<\/b> des rochers et des sous-bois pour cr\u00e9er une ambiance unique.\n<\/li>\n\n<li><h4>Expositions temporaires<\/h4>\nLe <b>ch\u00e2teau de Fontainebleau<\/b> propose r\u00e9guli\u00e8rement des expositions temporaires compl\u00e9tant la visite des appartements historiques.\n\nLa <b>Maison des Artisans d'Art<\/b> renouvelle ses expositions tous les deux mois pour pr\u00e9senter la diversit\u00e9 des cr\u00e9ations locales. Ces \u00e9v\u00e9nements permettent de d\u00e9couvrir des aspects m\u00e9connus de l'histoire locale ou de mettre en valeur des <b>artistes contemporains<\/b>.\n\nLes espaces d'exposition temporaire offrent une <b>programmation vari\u00e9e<\/b> accessible \u00e0 tous les publics tout au long de l'ann\u00e9e.\n<\/li>\n\n<li><h4>Conf\u00e9rences et colloques<\/h4>\nLe <b>Festival de l'Histoire de l'Art<\/b> organise des conf\u00e9rences internationales r\u00e9unissant chercheurs, conservateurs et passionn\u00e9s d'art.\n\nCes <b>rencontres scientifiques<\/b> abordent des th\u00e9matiques vari\u00e9es, de l'arch\u00e9ologie aux arts contemporains, dans des lieux patrimoniaux exceptionnels. Des <b>tables rondes<\/b> permettent les \u00e9changes entre professionnels et grand public sur l'actualit\u00e9 de la recherche en histoire de l'art.\n\nLa <b>Chapelle de la Trinit\u00e9<\/b> du ch\u00e2teau accueille r\u00e9guli\u00e8rement des conf\u00e9rences dans son cadre Renaissance exceptionnel.\n\n<div style=\"background-color: #fce4ec; padding: 10px; border-left: 4px solid #e91e63; margin: 10px 0;\">\n<strong>\ud83d\udcda Lieu privil\u00e9gi\u00e9 :<\/strong> La Chapelle de la Trinit\u00e9 offre un cadre Renaissance unique pour les conf\u00e9rences d'art et d'histoire\n<\/div>\n<\/li>\n<\/ul>\n\n<h3>8. Musique et danse<\/h3>\n\n<ul>\n<li><h4>Conservatoire de musique<\/h4>\nDes <b>concerts et r\u00e9citals<\/b> sont r\u00e9guli\u00e8rement organis\u00e9s mettant en valeur les talents locaux et les \u00e9l\u00e8ves des \u00e9tablissements musicaux de la r\u00e9gion.\n\nLes programmes incluent aussi bien la <b>musique classique<\/b> que le jazz et les musiques actuelles pour toucher tous les publics. Des <b>masterclasses<\/b> avec des musiciens professionnels permettent aux amateurs de perfectionner leur technique et leur interpr\u00e9tation.\n\nLes <b>auditions publiques<\/b> offrent une vitrine aux jeunes talents et cr\u00e9ent du lien entre les g\u00e9n\u00e9rations de musiciens.\n<\/li>\n\n<li><h4>\u00c9v\u00e9nements de danse<\/h4>\nDes spectacles de <b>danse classique et contemporaine<\/b> sont programm\u00e9s au Th\u00e9\u00e2tre Municipal dans le cadre de sa saison culturelle diversifi\u00e9e.\n\nLes compagnies locales et nationales se produisent r\u00e9guli\u00e8rement sur cette sc\u00e8ne reconnue pour sa <b>qualit\u00e9 d'accueil<\/b>. Des <b>ateliers d'initiation<\/b> \u00e0 diff\u00e9rentes formes de danse permettent au public de d\u00e9couvrir cet art du mouvement.\n\nLes repr\u00e9sentations m\u00ealent souvent danse, musique live et <b>arts visuels<\/b> pour cr\u00e9er des spectacles pluridisciplinaires innovants.\n<\/li>\n\n<li><h4>Soir\u00e9es musicales<\/h4>\nDes <b>concerts intimistes<\/b> sont organis\u00e9s dans des lieux patrimoniaux comme les \u00e9glises historiques ou les cours du ch\u00e2teau.\n\nCes soir\u00e9es privil\u00e9gient l'<b>acoustique naturelle<\/b> des lieux et cr\u00e9ent une connivence particuli\u00e8re entre artistes et public. La programmation oscille entre <b>musique de chambre<\/b>, r\u00e9citals de piano et concerts de musique ancienne sur instruments d'\u00e9poque.\n\nLes <b>jardins du ch\u00e2teau<\/b> accueillent \u00e9galement des concerts en plein air lors des beaux jours avec une ambiance d\u00e9contract\u00e9e.\n<\/li>\n<\/ul>\n\n<h3>9. Gastronomie culturelle<\/h3>\n\n<ul>\n<li><h4>Visites des march\u00e9s locaux<\/h4>\nLe <b>march\u00e9 de Fontainebleau<\/b>, distingu\u00e9 comme &#8220;March\u00e9 d'exception&#8221; par le Conseil National des Arts Culinaires, se tient place de la R\u00e9publique les mardis, vendredis et dimanches.\n\nCe march\u00e9 propose une grande vari\u00e9t\u00e9 de <b>produits du terroir local<\/b> gr\u00e2ce \u00e0 ses 14 commer\u00e7ants alimentaires sp\u00e9cialis\u00e9s : poissonnier, charcutier, fromager. Les visiteurs peuvent y d\u00e9couvrir les sp\u00e9cialit\u00e9s r\u00e9gionales comme le <b>Brie de Melun<\/b> et le <b>Brie de Meaux<\/b>, accompagn\u00e9s de pain produit localement.\n\nLes march\u00e9s des communes environnantes comme <b>Fleury-en-Bi\u00e8re<\/b>, Chartrettes et Samois-sur-Seine compl\u00e8tent cette offre avec leurs producteurs locaux.\n\n<div style=\"background-color: #e8f4f8; padding: 10px; border-left: 4px solid #2196F3; margin: 10px 0;\">\n<strong>\ud83d\uded2 Quand ?<\/strong> March\u00e9 place de la R\u00e9publique &#8211; Mardi, vendredi et dimanche matin\n<\/div>\n<\/li>\n\n<li><h4>Ateliers culinaires<\/h4>\nDes <b>ateliers de cuisine<\/b> utilisant les produits du terroir local permettent de d\u00e9couvrir les sp\u00e9cialit\u00e9s gastronomiques de la Seine-et-Marne.\n\nCes sessions pratiques enseignent les <b>techniques de pr\u00e9paration traditionnelles<\/b> et mettent en valeur les producteurs de la r\u00e9gion. Les participants apprennent \u00e0 cuisiner avec les <b>fromages locaux<\/b>, les produits mara\u00eechers de saison et les sp\u00e9cialit\u00e9s boulang\u00e8res du territoire.\n\nCes ateliers cr\u00e9ent du <b>lien social<\/b> autour de la transmission des savoir-faire culinaires et de la valorisation du patrimoine gastronomique local.\n<\/li>\n\n<li><h4>D\u00eeners historiques<\/h4>\nDes <b>repas th\u00e9matiques<\/b> sont organis\u00e9s dans des lieux patrimoniaux pour faire revivre l'art de vivre \u00e0 la fran\u00e7aise des si\u00e8cles pass\u00e9s.\n\nCes \u00e9v\u00e9nements gastronomiques recr\u00e9ent les <b>menus et les rituels culinaires<\/b> de l'\u00e9poque imp\u00e9riale avec des produits d'\u00e9poque. Les convives d\u00e9couvrent les <b>arts de la table fran\u00e7ais<\/b> dans des d\u00e9cors historiques authentiques, du ch\u00e2teau aux h\u00f4tels particuliers.\n\nCes d\u00eeners conjuguent <b>d\u00e9couverte patrimoniale<\/b> et plaisir gustatif en s'appuyant sur les recherches historiques et culinaires.\n<\/li>\n<\/ul>\n\n<h3>10. Nature et culture<\/h3>\n\n<ul>\n<li><h4>D\u00e9couvertes dans la for\u00eat<\/h4>\nLa <b>for\u00eat de Fontainebleau<\/b>, class\u00e9e R\u00e9serve mondiale de biosph\u00e8re par l'UNESCO, offre <b>300 km de sentiers balis\u00e9s<\/b> pour d\u00e9couvrir sa richesse naturelle.\n\nDes <b>randonn\u00e9es comment\u00e9es<\/b> permettent d'observer la faune, la flore et de comprendre la g\u00e9ologie unique de ce massif forestier. Les guides naturalistes expliquent les effets du changement climatique sur la nature et partagent leurs conseils pour la pratique de la randonn\u00e9e.\n\nCes sorties \u00e9ducatives r\u00e9v\u00e8lent la diversit\u00e9 des paysages entre <b>pin\u00e8des<\/b>, <b>ch\u00eanaies<\/b>, landes et <b>chaos rocheux<\/b> avec de magnifiques points de vue.\n\n<div style=\"background-color: #e8f5e8; padding: 10px; border-left: 4px solid #4caf50; margin: 10px 0;\">\n<strong>\ud83c\udf32 UNESCO :<\/strong> La for\u00eat de Fontainebleau est class\u00e9e R\u00e9serve mondiale de biosph\u00e8re\n<\/div>\n<\/li>\n\n<li><h4>Jardins historiques<\/h4>\nLes <b>jardins du ch\u00e2teau de Fontainebleau<\/b> illustrent trois si\u00e8cles d'art paysager fran\u00e7ais, du jardin Renaissance de Catherine de M\u00e9dicis aux cr\u00e9ations de <b>Le N\u00f4tre<\/b>.\n\nLe <b>Grand Parterre<\/b>, couvrant 11 hectares, constitue le plus grand jardin \u00e0 la fran\u00e7aise d'Europe avec ses parterres g\u00e9om\u00e9triques et ses bassins. Le <b>Jardin de Diane<\/b>, cr\u00e9\u00e9 sous Fran\u00e7ois Ier, s'\u00e9tend entre la Galerie des Cerfs et les appartements priv\u00e9s autour de la c\u00e9l\u00e8bre Fontaine de Diane.\n\nLe <b>canal d'Henri IV<\/b>, long de 1200 m\u00e8tres, et les jardins \u00e0 l'anglaise de Napol\u00e9on compl\u00e8tent ce patrimoine paysager exceptionnel.\n<\/li>\n\n<li><h4>Art en plein air<\/h4>\nDes <b>installations artistiques contemporaines<\/b> sont r\u00e9guli\u00e8rement implant\u00e9es dans la for\u00eat et les jardins historiques pour cr\u00e9er un dialogue entre art et nature.\n\nCes <b>\u0153uvres \u00e9ph\u00e9m\u00e8res ou permanentes<\/b> invitent \u00e0 une d\u00e9couverte sensible des paysages et questionnent notre rapport \u00e0 l'environnement. Les <b>sentiers de sculptures<\/b> et les parcours artistiques permettent de concilier randonn\u00e9e et d\u00e9couverte culturelle dans un cadre naturel pr\u00e9serv\u00e9.\n\nCes projets artistiques sont souvent d\u00e9velopp\u00e9s en partenariat avec les <b>institutions culturelles locales<\/b> et les \u00e9coles d'art de la r\u00e9gion.\n\n<div style=\"background-color: #f0f8ff; padding: 10px; border-left: 4px solid #00bcd4; margin: 10px 0;\">\n<strong>\ud83c\udfa8 Les Nuits des For\u00eats :<\/strong> \u00c9v\u00e9nement annuel m\u00ealant expositions, balades artistiques et concerts dans le parc du ch\u00e2teau\n<\/div>\n<\/li>\n<\/ul>\n\n<h3>11. Patrimoine immat\u00e9riel<\/h3>\n\n<ul>\n<li><h4>Traditions locales<\/h4>\nLes <b>f\u00eates et coutumes<\/b> de la r\u00e9gion \u00cele-de-France sont perp\u00e9tu\u00e9es \u00e0 travers des \u00e9v\u00e9nements annuels qui rassemblent les habitants.\n\nCes <b>c\u00e9l\u00e9brations traditionnelles<\/b> maintiennent vivant le patrimoine folklorique local et cr\u00e9ent du lien interg\u00e9n\u00e9rationnel. Les <b>costumes d'\u00e9poque<\/b>, les danses populaires et les chants traditionnels sont transmis par les associations culturelles locales.\n\nCes manifestations permettent de d\u00e9couvrir l'<b>identit\u00e9 culturelle sp\u00e9cifique<\/b> du territoire et ses particularit\u00e9s historiques.\n<\/li>\n\n<li><h4>L\u00e9gendes et r\u00e9cits<\/h4>\nL'histoire de Fontainebleau regorge de <b>l\u00e9gendes et de r\u00e9cits historiques<\/b> transmis oralement de g\u00e9n\u00e9ration en g\u00e9n\u00e9ration.\n\nCes <b>contes locaux<\/b> \u00e9voquent les personnages illustres qui ont fr\u00e9quent\u00e9 le ch\u00e2teau, des rois de France \u00e0 Napol\u00e9on en passant par les artistes de renom. Des <b>conteurs professionnels<\/b> perp\u00e9tuent ces traditions narratives lors de spectacles organis\u00e9s dans des lieux charg\u00e9s d'histoire.\n\nCes r\u00e9cits m\u00ealent souvent <b>r\u00e9alit\u00e9 historique<\/b> et imaginaire populaire pour cr\u00e9er un patrimoine narratif unique au territoire.\n\n<div style=\"background-color: #f3e5f5; padding: 10px; border-left: 4px solid #9c27b0; margin: 10px 0;\">\n<strong>\ud83d\udcd6 Tradition orale :<\/strong> Les l\u00e9gendes de Fontainebleau m\u00ealent histoire royale et imaginaire populaire\n<\/div>\n<\/li>\n\n<li><h4>Rencontres avec des t\u00e9moins privil\u00e9gi\u00e9s<\/h4>\nDes <b>conf\u00e9rences et t\u00e9moignages<\/b> permettent de rencontrer des personnalit\u00e9s qui ont marqu\u00e9 l'histoire culturelle locale r\u00e9cente.\n\nCes \u00e9changes avec des <b>artistes<\/b>, des conservateurs ou des historiens offrent un regard privil\u00e9gi\u00e9 sur l'\u00e9volution du patrimoine. Les t\u00e9moins partagent leurs <b>souvenirs et leur expertise<\/b> pour transmettre la m\u00e9moire vivante des lieux et des \u00e9v\u00e9nements marquants.\n\nCes rencontres cr\u00e9ent un <b>pont entre les g\u00e9n\u00e9rations<\/b> et permettent de comprendre l'\u00e9volution des pratiques culturelles au fil du temps.\n<\/li>\n<\/ul>\n\t\t\t\t\t\t\t\t<\/div>\n\t\t\t\t<\/div>\n\t\t\t\t\t<\/div>\n\t\t\t\t<\/div>\n\t\t\t\t<\/div>\n\t\t","protected":false},"excerpt":{"rendered":"<p>Activit\u00e9s culturelles \u00e0 Fontainebleau 1. Visites historiques Ch\u00e2teau de Fontainebleau Le ch\u00e2teau royal de Fontainebleau t\u00e9moigne de trois si\u00e8cles d&#8217;architecture fran\u00e7aise, des styles Renaissance au classique. Inscrit au patrimoine mondial de l&#8217;UNESCO, il fut la r\u00e9sidence de Fran\u00e7ois Ier qui y fit venir les plus grands artistes italiens de son \u00e9poque. Les appartements priv\u00e9s de [&hellip;]<\/p>\n","protected":false},"author":1,"featured_media":4803,"comment_status":"open","ping_status":"open","sticky":false,"template":"","format":"standard","meta":{"_seopress_robots_primary_cat":"","_seopress_titles_title":"","_seopress_titles_desc":"","_seopress_robots_index":"","_jet_sm_ready_style":"","_jet_sm_style":"","_jet_sm_controls_values":"","_jet_sm_fonts_collection":"","_jet_sm_fonts_links":"","iawp_total_views":26,"footnotes":""},"categories":[135],"tags":[],"class_list":["post-4802","post","type-post","status-publish","format-standard","has-post-thumbnail","hentry","category-culture"],"_links":{"self":[{"href":"https:\/\/fontyblog.fr\/fr\/wp-json\/wp\/v2\/posts\/4802","targetHints":{"allow":["GET"]}}],"collection":[{"href":"https:\/\/fontyblog.fr\/fr\/wp-json\/wp\/v2\/posts"}],"about":[{"href":"https:\/\/fontyblog.fr\/fr\/wp-json\/wp\/v2\/types\/post"}],"author":[{"embeddable":true,"href":"https:\/\/fontyblog.fr\/fr\/wp-json\/wp\/v2\/users\/1"}],"replies":[{"embeddable":true,"href":"https:\/\/fontyblog.fr\/fr\/wp-json\/wp\/v2\/comments?post=4802"}],"version-history":[{"count":4,"href":"https:\/\/fontyblog.fr\/fr\/wp-json\/wp\/v2\/posts\/4802\/revisions"}],"predecessor-version":[{"id":7926,"href":"https:\/\/fontyblog.fr\/fr\/wp-json\/wp\/v2\/posts\/4802\/revisions\/7926"}],"wp:featuredmedia":[{"embeddable":true,"href":"https:\/\/fontyblog.fr\/fr\/wp-json\/wp\/v2\/media\/4803"}],"wp:attachment":[{"href":"https:\/\/fontyblog.fr\/fr\/wp-json\/wp\/v2\/media?parent=4802"}],"wp:term":[{"taxonomy":"category","embeddable":true,"href":"https:\/\/fontyblog.fr\/fr\/wp-json\/wp\/v2\/categories?post=4802"},{"taxonomy":"post_tag","embeddable":true,"href":"https:\/\/fontyblog.fr\/fr\/wp-json\/wp\/v2\/tags?post=4802"}],"curies":[{"name":"wp","href":"https:\/\/api.w.org\/{rel}","templated":true}]}}