{"id":12041,"date":"2026-09-05T12:57:16","date_gmt":"2026-09-05T10:57:16","guid":{"rendered":"https:\/\/fontyblog.fr\/fr\/?p=12041"},"modified":"2026-09-05T14:10:12","modified_gmt":"2026-09-05T12:10:12","slug":"soixante-quatorze-fauteuils-et-un-ane-vert","status":"publish","type":"post","link":"https:\/\/fontyblog.fr\/fr\/soixante-quatorze-fauteuils-et-un-ane-vert\/","title":{"rendered":"Soixante-quatorze fauteuils et un \u00e2ne vert"},"content":{"rendered":"<p><em>Premier article d&rsquo;une nouvelle s\u00e9rie d\u00e9di\u00e9e aux portraits.<br \/>\nIci, le personnage est un lieu.<br \/>\nUn lieu racont\u00e9 par ceux qui le font.<\/em><\/p>\n<p>Rue des Sablons, entre une boutique de th\u00e9 et une agence immobili\u00e8re, il y a une porte coch\u00e8re en bois et une enseigne verte. On passe dessous et <strong>on change de si\u00e8cle<\/strong>.<\/p>\n<figure class=\"wp-block-image size-large\"><img loading=\"lazy\" width=\"576\" height=\"1024\" src=\"https:\/\/fontyblog.fr\/wp-content\/uploads\/2026\/09\/ane-vert-theatre-fontainebleau-porte-cochere-rue-des-sablons-576x1024.jpg\" class=\"attachment-large size-large\" alt=\"Porte coch\u00e8re de l&#039;\u00c2ne Vert Th\u00e9\u00e2tre, 6 rue des Sablons \u00e0 Fontainebleau\" loading=\"lazy\" decoding=\"async\" srcset=\"https:\/\/fontyblog.fr\/wp-content\/uploads\/2026\/09\/ane-vert-theatre-fontainebleau-porte-cochere-rue-des-sablons-576x1024.jpg 576w, https:\/\/fontyblog.fr\/wp-content\/uploads\/2026\/09\/ane-vert-theatre-fontainebleau-porte-cochere-rue-des-sablons-169x300.jpg 169w, https:\/\/fontyblog.fr\/wp-content\/uploads\/2026\/09\/ane-vert-theatre-fontainebleau-porte-cochere-rue-des-sablons-768x1364.jpg 768w, https:\/\/fontyblog.fr\/wp-content\/uploads\/2026\/09\/ane-vert-theatre-fontainebleau-porte-cochere-rue-des-sablons-7x12.jpg 7w, https:\/\/fontyblog.fr\/wp-content\/uploads\/2026\/09\/ane-vert-theatre-fontainebleau-porte-cochere-rue-des-sablons-100x178.jpg 100w, https:\/\/fontyblog.fr\/wp-content\/uploads\/2026\/09\/ane-vert-theatre-fontainebleau-porte-cochere-rue-des-sablons.jpg 788w\" sizes=\"auto, (max-width: 576px) 100vw, 576px\" \/><figcaption class=\"wp-element-caption\">6 rue des Sablons. Rien ne signale un th\u00e9\u00e2tre, sauf l&rsquo;enseigne.<br \/><span class=\"fyb-credit\">Photo : Emmanuel Parrou \/ Fontyblog<\/span><\/figcaption><\/figure>\n<p>Derri\u00e8re, une cour pav\u00e9e en plein soleil, des hibiscus mauves, des tables de bistrot jaunes, un v\u00e9lo pos\u00e9 contre un mur de pierre. Le bruit de la rue s&rsquo;arr\u00eate net. Marie-Line Grima, qui codirige les lieux, le dit mieux que moi.<\/p>\n<blockquote><p><em>Quand on passe le porche et qu&rsquo;on rentre dans la cour, j&rsquo;ai toujours eu le sentiment d&rsquo;aller ailleurs. D&rsquo;aller dans un autre monde.<\/em><\/p><\/blockquote>\n<p>C&rsquo;est l\u00e0 que je suis re\u00e7u un mercredi de septembre, dehors, autour d&rsquo;une table ronde. Ils sont trois. Yves Patrick Grima et Marie-Line Grima, \u00e0 la direction, et Baptiste Bataille, qui s&rsquo;occupe de la communication et joue aussi sur cette sc\u00e8ne.<\/p>\n<p>Nous avions pr\u00e9vu une heure. J&rsquo;en suis reparti avec <strong>beaucoup plus que ce que j&rsquo;\u00e9tais venu chercher<\/strong>.<\/p>\n<figure class=\"wp-block-image size-large\"><img loading=\"lazy\" width=\"576\" height=\"1024\" src=\"https:\/\/fontyblog.fr\/wp-content\/uploads\/2026\/09\/ane-vert-theatre-fontainebleau-cour-pavee-tables-bistrot-576x1024.jpg\" class=\"attachment-large size-large\" alt=\"Tables de bistrot jaunes et pav\u00e9s dans la cour de l&#039;\u00c2ne Vert Th\u00e9\u00e2tre \u00e0 Fontainebleau\" loading=\"lazy\" decoding=\"async\" srcset=\"https:\/\/fontyblog.fr\/wp-content\/uploads\/2026\/09\/ane-vert-theatre-fontainebleau-cour-pavee-tables-bistrot-576x1024.jpg 576w, https:\/\/fontyblog.fr\/wp-content\/uploads\/2026\/09\/ane-vert-theatre-fontainebleau-cour-pavee-tables-bistrot-169x300.jpg 169w, https:\/\/fontyblog.fr\/wp-content\/uploads\/2026\/09\/ane-vert-theatre-fontainebleau-cour-pavee-tables-bistrot-768x1364.jpg 768w, https:\/\/fontyblog.fr\/wp-content\/uploads\/2026\/09\/ane-vert-theatre-fontainebleau-cour-pavee-tables-bistrot-7x12.jpg 7w, https:\/\/fontyblog.fr\/wp-content\/uploads\/2026\/09\/ane-vert-theatre-fontainebleau-cour-pavee-tables-bistrot-100x178.jpg 100w, https:\/\/fontyblog.fr\/wp-content\/uploads\/2026\/09\/ane-vert-theatre-fontainebleau-cour-pavee-tables-bistrot.jpg 788w\" sizes=\"auto, (max-width: 576px) 100vw, 576px\" \/><figcaption class=\"wp-element-caption\">Ni bureau ni salle de r\u00e9union. On parle dehors, sous les hibiscus.<br \/><span class=\"fyb-credit\">Photo : Emmanuel Parrou \/ Fontyblog<\/span><\/figcaption><\/figure>\n<h3>Une couverture verte sur le dos d&rsquo;un \u00e2ne<\/h3>\n<p>Le nom, d&rsquo;abord, parce qu&rsquo;on se pose tous la question.<\/p>\n<p>Les b\u00e2timents remontent au XIIIe si\u00e8cle. Sous Louis XII, ils abritent la premi\u00e8re hostellerie de la ville. Et dans la cour vit un fabricant de balais de bouleau, qui poss\u00e8de des \u00e2nes.<\/p>\n<p>Ces \u00e2nes, il ne les emploie pas qu&rsquo;au travail. Il les loue pour promener les dames. Comme elles portent de grandes robes et que les robes se salissent, il capara\u00e7onne ses b\u00eates d&rsquo;une couverture verte.<\/p>\n<p><strong>En 1523<\/strong>, l&rsquo;enseigne prend le nom d&rsquo;<strong>Auberge de l&rsquo;\u00c2ne Vert<\/strong>.<\/p>\n<p>Cinq si\u00e8cles plus tard, il est toujours l\u00e0, sur la fa\u00e7ade, \u00e0 cause d&rsquo;une couverture. L&rsquo;auberge a vu passer du monde : Boileau, Mansart, Le N\u00f4tre, d&rsquo;Alembert, et le bouffon Triboulet. C&rsquo;est la m\u00e9moire de la maison, et elle vaut d&rsquo;\u00eatre racont\u00e9e telle quelle.<\/p>\n<p>De l&rsquo;auberge, il reste surtout ce qu&rsquo;on ne voit pas. Des pav\u00e9s d&rsquo;origine, encore pr\u00e9sents sous les dalles de b\u00e9ton. Et une grosse poutre de bois brut, au ras du plateau, <strong>dont plus personne ne conna\u00eet l&rsquo;\u00e2ge<\/strong>.<\/p>\n<figure class=\"wp-block-image size-large\"><img loading=\"lazy\" width=\"768\" height=\"1024\" src=\"https:\/\/fontyblog.fr\/wp-content\/uploads\/2026\/09\/ane-vert-theatre-fontainebleau-poutre-ancienne-auberge-768x1024.jpg\" class=\"attachment-large size-large\" alt=\"Poutre de bois brut de l&#039;ancienne auberge, au ras du plateau de l&#039;\u00c2ne Vert Th\u00e9\u00e2tre\" loading=\"lazy\" decoding=\"async\" srcset=\"https:\/\/fontyblog.fr\/wp-content\/uploads\/2026\/09\/ane-vert-theatre-fontainebleau-poutre-ancienne-auberge-768x1024.jpg 768w, https:\/\/fontyblog.fr\/wp-content\/uploads\/2026\/09\/ane-vert-theatre-fontainebleau-poutre-ancienne-auberge-225x300.jpg 225w, https:\/\/fontyblog.fr\/wp-content\/uploads\/2026\/09\/ane-vert-theatre-fontainebleau-poutre-ancienne-auberge-9x12.jpg 9w, https:\/\/fontyblog.fr\/wp-content\/uploads\/2026\/09\/ane-vert-theatre-fontainebleau-poutre-ancienne-auberge-100x133.jpg 100w, https:\/\/fontyblog.fr\/wp-content\/uploads\/2026\/09\/ane-vert-theatre-fontainebleau-poutre-ancienne-auberge.jpg 1050w\" sizes=\"auto, (max-width: 768px) 100vw, 768px\" \/><figcaption class=\"wp-element-caption\">Le seul morceau de l&rsquo;auberge que le public voit encore.<br \/><span class=\"fyb-credit\">Photo : \u00c2ne Vert Th\u00e9\u00e2tre<\/span><\/figcaption><\/figure>\n<h3>Et soixante-quatorze fauteuils<\/h3>\n<p>Maintenant le chiffre qui explique tout le reste.<\/p>\n<p>La salle compte <strong>soixante-quatorze places<\/strong>. C&rsquo;est petit. Et contrairement \u00e0 ce qu&rsquo;on imagine volontiers, <strong>ce n&rsquo;est pas un choix artistique<\/strong>.<\/p>\n<blockquote><p><em>Pour moi, c&rsquo;est une contrainte.<\/em><\/p><\/blockquote>\n<p>Une contrainte financi\u00e8re, tr\u00e8s pr\u00e9cis\u00e9ment. Parce que l&rsquo;\u00c2ne Vert vit \u00e0 <strong>plus de 95 % de sa billetterie<\/strong>. Les subventions existent, la Ville aide, et cette aide est appr\u00e9ci\u00e9e. Mais elle ne fait pas le budget.<\/p>\n<p>Faites le calcul avec Yves Patrick Grima.<\/p>\n<blockquote><p><em>Avec la recette de soixante-quatorze personnes, vous ne payez pas quinze personnes.<\/em><\/p><\/blockquote>\n<p>Voil\u00e0 pourquoi il faut privil\u00e9gier <strong>les productions peu gourmandes en moyens<\/strong> (nombre de com\u00e9diens sur sc\u00e8ne et d\u00e9cors), mais <strong>tr\u00e8s exigeantes en qualit\u00e9<\/strong>. C&rsquo;est indispensable afin de p\u00e9renniser l&rsquo;action artistique de l&rsquo;\u00c2ne Vert Th\u00e9\u00e2tre, qui vient en compl\u00e9ment de la programmation des plus grandes salles.<\/p>\n<figure class=\"wp-block-image size-large\"><img loading=\"lazy\" width=\"800\" height=\"600\" src=\"https:\/\/fontyblog.fr\/wp-content\/uploads\/2026\/09\/ane-vert-theatre-fontainebleau-salle-74-places-1024x768.jpg\" class=\"attachment-large size-large\" alt=\"La salle de 74 places de l&#039;\u00c2ne Vert Th\u00e9\u00e2tre vue du haut du gradin, plateau nu et projecteurs\" loading=\"lazy\" decoding=\"async\" srcset=\"https:\/\/fontyblog.fr\/wp-content\/uploads\/2026\/09\/ane-vert-theatre-fontainebleau-salle-74-places-1024x768.jpg 1024w, https:\/\/fontyblog.fr\/wp-content\/uploads\/2026\/09\/ane-vert-theatre-fontainebleau-salle-74-places-300x225.jpg 300w, https:\/\/fontyblog.fr\/wp-content\/uploads\/2026\/09\/ane-vert-theatre-fontainebleau-salle-74-places-768x576.jpg 768w, https:\/\/fontyblog.fr\/wp-content\/uploads\/2026\/09\/ane-vert-theatre-fontainebleau-salle-74-places-1536x1152.jpg 1536w, https:\/\/fontyblog.fr\/wp-content\/uploads\/2026\/09\/ane-vert-theatre-fontainebleau-salle-74-places-16x12.jpg 16w, https:\/\/fontyblog.fr\/wp-content\/uploads\/2026\/09\/ane-vert-theatre-fontainebleau-salle-74-places-100x75.jpg 100w, https:\/\/fontyblog.fr\/wp-content\/uploads\/2026\/09\/ane-vert-theatre-fontainebleau-salle-74-places.jpg 1600w\" sizes=\"auto, (max-width: 800px) 100vw, 800px\" \/><figcaption class=\"wp-element-caption\">Soixante-quatorze places, et de la place pour les jambes.<br \/><span class=\"fyb-credit\">Photo : \u00c2ne Vert Th\u00e9\u00e2tre<\/span><\/figcaption><\/figure>\n<p>La contrepartie, elle, est du c\u00f4t\u00e9 du spectateur. La salle est bien install\u00e9e, l&rsquo;acoustique est tr\u00e8s bonne, les musiciens le disent. Et on a <strong>de la place pour les jambes<\/strong>, ce qui n&rsquo;est pas si fr\u00e9quent.<\/p>\n<blockquote><p><em>Il y a des th\u00e9\u00e2tres o\u00f9, au bout d&rsquo;un quart d&rsquo;heure, on change de fesses toutes les minutes.<\/em><\/p><\/blockquote>\n<p>\u00c0 soixante-quatorze, il se passe autre chose aussi. Le com\u00e9dien voit le public, le public voit le com\u00e9dien respirer. Baptiste Bataille appelle \u00e7a une proximit\u00e9. Les compagnies qui viennent d&rsquo;ailleurs la remarquent.<\/p>\n<h3>Cent dix s\u00e9ances par an<\/h3>\n<p>Ce qu&rsquo;ils font de cette petite salle m\u00e9rite d&rsquo;\u00eatre salu\u00e9.<\/p>\n<p>Une saison, ici, c&rsquo;est environ <strong>cent dix s\u00e9ances<\/strong>. Ramen\u00e9 \u00e0 l&rsquo;ann\u00e9e, cela revient \u00e0 une tous les trois jours, mais dans la pratique la saison tient de fin septembre \u00e0 fin mai. Pour un total d&rsquo;environ <strong>cinq mille cinq cents entr\u00e9es<\/strong>.<\/p>\n<p>Respect.<\/p>\n<p><strong>Une trentaine de spectacles professionnels diff\u00e9rents<\/strong> chaque ann\u00e9e. Un tiers d&rsquo;entre eux sont produits sur place, par la compagnie Naphralytep, en r\u00e9sidence dans les murs, pr\u00e9sid\u00e9e par Marian Waddington. Les vingt autres, ils vont les chercher, \u00e0 Paris, \u00e0 Avignon, ailleurs en France, parfois plus loin.<\/p>\n<p>Environ <strong>un cinqui\u00e8me des s\u00e9ances<\/strong> est consacr\u00e9 aux scolaires.<\/p>\n<p>Et une centaine de spectateurs sont abonn\u00e9s.<\/p>\n<p>La saison 2026-2027 s&rsquo;ouvre le 26 septembre avec <a href=\"https:\/\/fontyblog.fr\/fr\/events\/jusquau-bout-du-monde-gerard-chambre-chante-jacques-brel-a-lane-vert-theatre-26-et-27-septembre-2026\/\">un Jacques Brel<\/a> et se referme fin mai avec un <em>Ch\u00e9ri<\/em> d&rsquo;apr\u00e8s Colette. Entre les deux, <a href=\"https:\/\/fontyblog.fr\/fr\/events\/les-insomnies-de-moliere-a-lane-vert-theatre-de-fontainebleau-31-octobre-et-1er-novembre-2026\/\">Moli\u00e8re<\/a>, Corneille, Camus, le <em>Peer Gynt<\/em> d&rsquo;Ibsen, Brassens, un concert de nouvelle ann\u00e9e, des spectacles jeune public \u00e0 No\u00ebl, et <a href=\"https:\/\/fontyblog.fr\/fr\/sortir-a-fontainebleau-bonnes-adresses-pour-une-soiree-reussie\/\">un 31 d\u00e9cembre<\/a> qui se remplit sans que personne n&rsquo;ait \u00e0 lever le petit doigt.<\/p>\n<p>Dans cette saison, deux rendez-vous sont \u00e0 noter d\u00e8s maintenant, parce qu&rsquo;ils ne ressemblent \u00e0 rien d&rsquo;autre.<\/p>\n<p>Le premier, en janvier. <em>Les Caisses de la honte<\/em>, sur Rose Valland, cette conservatrice qui r\u00e9pertoria en secret les \u0153uvres d&rsquo;art spoli\u00e9es pendant la guerre. Sur sc\u00e8ne, Pierrette Dupoyet, qui \u00e9crit, met en sc\u00e8ne et joue seule tous ses spectacles depuis 1984, et qui revient au Festival off d&rsquo;Avignon chaque ann\u00e9e depuis plus de quarante ans.<\/p>\n<p>Le second, en mai. <em>R\u00eaverie botanique avec Jean-Jacques Rousseau<\/em>, <strong>jou\u00e9 dans la cour<\/strong>. Pas dans la salle. Dans la cour, sous les hibiscus, \u00e0 11h et \u00e0 16h.<\/p>\n<p>\u00c7a, <a href=\"https:\/\/fontyblog.fr\/fr\/activites-culturelles-a-fontainebleau\/\">aucun autre th\u00e9\u00e2tre de Fontainebleau<\/a> ne peut le proposer.<\/p>\n<h3>Trois questions \u00e0 Baptiste Bataille<\/h3>\n<p><strong>Vous avez commenc\u00e9 ici comme \u00e9l\u00e8ve.<\/strong> J&rsquo;avais fait un atelier avec Marie-Line quand j&rsquo;\u00e9tais au lyc\u00e9e. Je suis revenu plus tard, \u00e0 l&rsquo;\u00e2ge adulte, parce que j&rsquo;avais envie de m&rsquo;y remettre. Et c&rsquo;est \u00e0 cette occasion qu&rsquo;on m&rsquo;a propos\u00e9 un des premiers projets dans lequel j&rsquo;ai jou\u00e9.<\/p>\n<p><strong>Combien de personnes passent par les ateliers ?<\/strong> Entre <strong>cent soixante et cent quatre-vingts adh\u00e9rents<\/strong> chaque ann\u00e9e. <strong>Quinze ateliers<\/strong>, dont trois en anglais, anim\u00e9s par sept com\u00e9diens. <strong>\u00c7a commence \u00e0 cinq ans<\/strong> et \u00e7a ne s&rsquo;arr\u00eate jamais vraiment. En juin, chaque groupe pr\u00e9sente son travail de l&rsquo;ann\u00e9e sur la sc\u00e8ne, ce sont les f\u00eates d&rsquo;ateliers.<\/p>\n<p><strong>Amateur, c&rsquo;est un mot qui g\u00eane ?<\/strong> Pas du tout, et c&rsquo;est bien pour \u00e7a qu&rsquo;il est ambigu. On peut jouer toute sa vie en amateur avec un excellent niveau. Nous en avons d&rsquo;excellents. La bascule vers le professionnel n&rsquo;est pas une affaire de talent, c&rsquo;est une affaire de statut et de nombre de repr\u00e9sentations. Cette ann\u00e9e, la troupe des Nouveaux Tr\u00e9teaux monte <em>Les Figurants<\/em>, de Delphine de Vigan, les 7 et 8 novembre.<\/p>\n<h3>Le spectacle qu&rsquo;il faut d\u00e9fendre<\/h3>\n<p>Je leur demande s&rsquo;il y a, dans cette saison, un spectacle qu&rsquo;ils conseilleraient par-dessus tous les autres.<\/p>\n<p>Yves Patrick Grima refuse de choisir. Puis il retourne la question, et sa r\u00e9ponse est une des plus fortes que j&rsquo;aie entendues cet apr\u00e8s-midi-l\u00e0.<\/p>\n<blockquote><p><em>Le spectacle \u00e0 mettre en avant, c&rsquo;est pr\u00e9cis\u00e9ment celui qui est de qualit\u00e9, mais qui n&rsquo;a pas d&rsquo;ingr\u00e9dients dans son titre pour capter l&rsquo;attention du public.<\/em><\/p><\/blockquote>\n<p>Autrement dit : le spectacle qu&rsquo;il faut d\u00e9fendre, c&rsquo;est celui dont <strong>le titre ne dit rien \u00e0 personne<\/strong>.<\/p>\n<p>Baptiste Bataille compl\u00e8te.<\/p>\n<blockquote><p><em>Chaque ann\u00e9e, on a de tr\u00e8s bons spectacles qui ont un peu moins de public parce que le titre n&rsquo;est pas connu, parce que l&rsquo;auteur n&rsquo;est pas connu, parce que la compagnie non plus. Et c&rsquo;est dommage. Il y a un vrai travail \u00e0 faire pour aller bien expliquer le spectacle et donner envie aux gens de venir.<\/em><\/p><\/blockquote>\n<p>Un exemple, parmi d&rsquo;autres. Ils ont fait venir <strong>une compagnie de Milan<\/strong> avec un spectacle en fran\u00e7ais et en italien, dans\u00e9, sur l&rsquo;entraide entre g\u00e9n\u00e9rations et sur les migrations. Une production lourde \u00e0 accueillir, des com\u00e9diens \u00e0 h\u00e9berger plusieurs nuits. Un spectacle qui m\u00e9ritait plus de monde qu&rsquo;il n&rsquo;en a eu.<\/p>\n<p>Programmer Moli\u00e8re, tout le monde sait \u00e0 quoi s&rsquo;attendre. Programmer une compagnie milanaise dont personne n&rsquo;a entendu parler, il faut raconter. C&rsquo;est exactement l\u00e0 qu&rsquo;un th\u00e9\u00e2tre a besoin qu&rsquo;on parle de lui autrement que par une affiche.<\/p>\n<h3>La salle, quand tout est fini<\/h3>\n<p>Je leur demande s&rsquo;ils ont un endroit pr\u00e9f\u00e9r\u00e9 ici.<\/p>\n<p>Yves Patrick r\u00e9pond la cour, sans h\u00e9siter. Marie-Line r\u00e9pond la cour, et le th\u00e9\u00e2tre.<\/p>\n<blockquote><p><em>Quand toutes les repr\u00e9sentations sont termin\u00e9es, on a le loisir de rentrer seul dans le th\u00e9\u00e2tre. Et toutes les ondes qui sont pass\u00e9es se m\u00e9langent.<\/em><\/p><\/blockquote>\n<p><strong>Il y a une \u00e2me dans cette salle.<\/strong><\/p>\n<p>Soixante-quatorze fauteuils, une cour, une poutre dont personne ne conna\u00eet l&rsquo;\u00e2ge, et cinq si\u00e8cles qui commencent avec une couverture verte sur le dos d&rsquo;un \u00e2ne.<\/p>\n<p>Soixante-quatorze fauteuils, et des soir\u00e9es \u00e0 vivre, des \u00e9motions \u00e0 ramener chez soi.<\/p>\n<p>Soixante-quatorze fauteuils.<\/p>\n<p>Soixante-quatorze places.<\/p>\n<p>La v\u00f4tre ?<\/p>\n<figure class=\"wp-block-image size-large\"><img loading=\"lazy\" width=\"800\" height=\"600\" src=\"https:\/\/fontyblog.fr\/wp-content\/uploads\/2026\/09\/ane-vert-theatre-fontainebleau-gradin-vu-de-la-scene-1024x768.jpg\" class=\"attachment-large size-large\" alt=\"Le gradin vide de l&#039;\u00c2ne Vert Th\u00e9\u00e2tre vu depuis la sc\u00e8ne\" loading=\"lazy\" decoding=\"async\" srcset=\"https:\/\/fontyblog.fr\/wp-content\/uploads\/2026\/09\/ane-vert-theatre-fontainebleau-gradin-vu-de-la-scene-1024x768.jpg 1024w, https:\/\/fontyblog.fr\/wp-content\/uploads\/2026\/09\/ane-vert-theatre-fontainebleau-gradin-vu-de-la-scene-300x225.jpg 300w, https:\/\/fontyblog.fr\/wp-content\/uploads\/2026\/09\/ane-vert-theatre-fontainebleau-gradin-vu-de-la-scene-768x576.jpg 768w, https:\/\/fontyblog.fr\/wp-content\/uploads\/2026\/09\/ane-vert-theatre-fontainebleau-gradin-vu-de-la-scene-1536x1152.jpg 1536w, https:\/\/fontyblog.fr\/wp-content\/uploads\/2026\/09\/ane-vert-theatre-fontainebleau-gradin-vu-de-la-scene-16x12.jpg 16w, https:\/\/fontyblog.fr\/wp-content\/uploads\/2026\/09\/ane-vert-theatre-fontainebleau-gradin-vu-de-la-scene-100x75.jpg 100w, https:\/\/fontyblog.fr\/wp-content\/uploads\/2026\/09\/ane-vert-theatre-fontainebleau-gradin-vu-de-la-scene.jpg 1600w\" sizes=\"auto, (max-width: 800px) 100vw, 800px\" \/><figcaption class=\"wp-element-caption\">L&rsquo;heure dont parle Marie-Line Grima. Quand tout est fini.<br \/><span class=\"fyb-credit\">Photo : \u00c2ne Vert Th\u00e9\u00e2tre<\/span><\/figcaption><\/figure>\n<h3>En pratique<\/h3>\n<p><a href=\"https:\/\/fontyblog.fr\/fr\/places\/ane-vert-theatre\/\">L&rsquo;\u00c2ne Vert Th\u00e9\u00e2tre<\/a>, 6 rue des Sablons, 77300 Fontainebleau. Programmation et r\u00e9servations sur <a href=\"https:\/\/www.anevert.fr\/\" target=\"_blank\" rel=\"noopener\">anevert.fr<\/a>. Toute la programmation \u00e0 venir est reprise au fil des semaines sur <a href=\"https:\/\/fontyblog.fr\/fr\/places\/ane-vert-theatre\/\">la page de l&rsquo;\u00c2ne Vert Th\u00e9\u00e2tre sur Fontyblog<\/a>, et dans <a href=\"https:\/\/fontyblog.fr\/fr\/tous-les-evenements\/\">l&rsquo;agenda du site<\/a>.<\/p>\n<p><strong>Tarifs.<\/strong> 21 \u20ac la place. Tarif r\u00e9duit \u00e0 14 \u20ac pour les demandeurs d'emploi et les minima sociaux. Tarifs sp\u00e9cifiques pour les spectacles jeune public. Groupes \u00e0 17 \u20ac \u00e0 partir de dix personnes.<\/p>\n<p><strong>La carte d&rsquo;abonn\u00e9.<\/strong> Vous vous engagez sur trois spectacles de la saison, r\u00e9gl\u00e9s d&rsquo;avance \u00e0 17 \u20ac chacun. La carte vous donne ensuite le tarif de 17 \u20ac sur tous les autres spectacles de l&rsquo;ann\u00e9e, sans limite.<\/p>\n<p><strong>Trois structures, un m\u00eame lieu.<\/strong> L&rsquo;\u00c2ne Vert Th\u00e9\u00e2tre est la salle. La compagnie Naphralytep, professionnelle, y est en r\u00e9sidence et y exploite en moyenne dix spectacles par saison, dont un bon tiers de cr\u00e9ations, les deux tiers restants \u00e9tant des reprises. Les Nouveaux Tr\u00e9teaux de l&rsquo;\u00c2ne Vert (ntav.fr) portent les quinze ateliers de pratique. Et l&rsquo;association Les Oreilles de l&rsquo;\u00c2ne Vert, Or\u00c2ne (oranevert.fr), programme deux spectacles de la saison.<\/p>\n<p><strong>Th\u00e9\u00e2tra&rsquo;Bleau.<\/strong> Douze jours de festival port\u00e9s ensemble par les trois structures, avec des spectacles jeune public, des promenades artistiques jou\u00e9es dans la ville par les adh\u00e9rents des ateliers, et une grande soir\u00e9e au <a href=\"https:\/\/fontyblog.fr\/fr\/places\/theatre-municipal-de-fontainebleau\/\">Th\u00e9\u00e2tre municipal<\/a>. Les dates de la prochaine \u00e9dition ne sont pas encore arr\u00eat\u00e9es.<\/p>\n","protected":false},"excerpt":{"rendered":"<p>Premier portrait d&rsquo;une nouvelle serie. Ici, le personnage est un lieu : l&rsquo;Ane Vert Theatre, au fond d&rsquo;une cour de Fontainebleau, raconte par ceux qui le font.<\/p>\n","protected":false},"author":1,"featured_media":12052,"comment_status":"closed","ping_status":"open","sticky":false,"template":"","format":"standard","meta":{"_seopress_titles_title":"\u00c2ne Vert Th\u00e9\u00e2tre \u00e0 Fontainebleau : 74 places, 5 si\u00e8cles","_seopress_titles_desc":"Au fond d'une cour de la rue des Sablons, l'\u00c2ne Vert Th\u00e9\u00e2tre vit \u00e0 95 % de sa billetterie et donne 110 s\u00e9ances par an. Portrait d'une salle de 74 places.","_seopress_robots_index":"","_seopress_robots_follow":"","_seopress_robots_imageindex":"","_seopress_robots_snippet":"","_seopress_robots_primary_cat":"","_seopress_robots_breadcrumbs":"","_seopress_robots_freeze_modified_date":"","_seopress_robots_custom_modified_date":"","_seopress_robots_canonical":"","_seopress_social_fb_title":"","_seopress_social_fb_desc":"","_seopress_social_fb_img":"https:\/\/fontyblog.fr\/wp-content\/uploads\/2026\/09\/ane-vert-theatre-fontainebleau-cour-enseigne.jpg","_seopress_social_fb_img_attachment_id":12052,"_seopress_social_fb_img_width":0,"_seopress_social_fb_img_height":0,"_seopress_social_twitter_title":"","_seopress_social_twitter_desc":"","_seopress_social_twitter_img":"https:\/\/fontyblog.fr\/wp-content\/uploads\/2026\/09\/ane-vert-theatre-fontainebleau-cour-enseigne.jpg","_seopress_social_twitter_img_attachment_id":12052,"_seopress_social_twitter_img_width":0,"_seopress_social_twitter_img_height":0,"_seopress_redirections_value":"","_seopress_redirections_enabled":"","_seopress_redirections_enabled_regex":"","_seopress_redirections_logged_status":"","_seopress_redirections_param":"","_seopress_redirections_type":0,"_seopress_analysis_target_kw":"","_seopress_news_disabled":"","_seopress_video_disabled":"","_seopress_video":[],"_seopress_pro_schemas_manual":[],"_seopress_pro_rich_snippets_disable_all":"","_seopress_pro_rich_snippets_disable":[],"_seopress_pro_schemas":[],"_jet_sm_ready_style":"","_jet_sm_style":"","_jet_sm_controls_values":"","_jet_sm_fonts_collection":"","_jet_sm_fonts_links":"","iawp_total_views":6,"footnotes":""},"categories":[135,104,222],"tags":[],"class_list":["post-12041","post","type-post","status-publish","format-standard","has-post-thumbnail","hentry","category-culture","category-histoire","category-ils-font-fontainebleau"],"_links":{"self":[{"href":"https:\/\/fontyblog.fr\/fr\/wp-json\/wp\/v2\/posts\/12041","targetHints":{"allow":["GET"]}}],"collection":[{"href":"https:\/\/fontyblog.fr\/fr\/wp-json\/wp\/v2\/posts"}],"about":[{"href":"https:\/\/fontyblog.fr\/fr\/wp-json\/wp\/v2\/types\/post"}],"author":[{"embeddable":true,"href":"https:\/\/fontyblog.fr\/fr\/wp-json\/wp\/v2\/users\/1"}],"replies":[{"embeddable":true,"href":"https:\/\/fontyblog.fr\/fr\/wp-json\/wp\/v2\/comments?post=12041"}],"version-history":[{"count":8,"href":"https:\/\/fontyblog.fr\/fr\/wp-json\/wp\/v2\/posts\/12041\/revisions"}],"predecessor-version":[{"id":12061,"href":"https:\/\/fontyblog.fr\/fr\/wp-json\/wp\/v2\/posts\/12041\/revisions\/12061"}],"wp:featuredmedia":[{"embeddable":true,"href":"https:\/\/fontyblog.fr\/fr\/wp-json\/wp\/v2\/media\/12052"}],"wp:attachment":[{"href":"https:\/\/fontyblog.fr\/fr\/wp-json\/wp\/v2\/media?parent=12041"}],"wp:term":[{"taxonomy":"category","embeddable":true,"href":"https:\/\/fontyblog.fr\/fr\/wp-json\/wp\/v2\/categories?post=12041"},{"taxonomy":"post_tag","embeddable":true,"href":"https:\/\/fontyblog.fr\/fr\/wp-json\/wp\/v2\/tags?post=12041"}],"curies":[{"name":"wp","href":"https:\/\/api.w.org\/{rel}","templated":true}]}}