{"id":12041,"date":"2026-09-05T12:57:16","date_gmt":"2026-09-05T10:57:16","guid":{"rendered":"https:\/\/fontyblog.fr\/fr\/?p=12041"},"modified":"2026-09-05T14:10:12","modified_gmt":"2026-09-05T12:10:12","slug":"seventy-four-armchairs-and-a-green-donkey","status":"publish","type":"post","link":"https:\/\/fontyblog.fr\/en\/soixante-quatorze-fauteuils-et-un-ane-vert\/","title":{"rendered":"Seventy-four armchairs and a green donkey"},"content":{"rendered":"<p><em>The first article in a new series devoted to portraits.<br \/>\nHere, the character is a place.<br \/>\nA place described by the people who make it what it is.<\/em><\/p>\n<p>On Rue des Sablons, between a tea shop and an estate agent\u2019s, there is a wooden carriage entrance and a green sign. You walk underneath it and <strong>We\u2019re entering a new century<\/strong>.<\/p>\n<figure class=\"wp-block-image size-large\"><img loading=\"lazy\" width=\"576\" height=\"1024\" src=\"https:\/\/fontyblog.fr\/wp-content\/uploads\/2026\/09\/ane-vert-theatre-fontainebleau-porte-cochere-rue-des-sablons-576x1024.jpg\" class=\"attachment-large size-large\" alt=\"The entrance to the \u00c2ne Vert Th\u00e9\u00e2tre, 6 Rue des Sablons, Fontainebleau\" decoding=\"async\" srcset=\"https:\/\/fontyblog.fr\/wp-content\/uploads\/2026\/09\/ane-vert-theatre-fontainebleau-porte-cochere-rue-des-sablons-576x1024.jpg 576w, https:\/\/fontyblog.fr\/wp-content\/uploads\/2026\/09\/ane-vert-theatre-fontainebleau-porte-cochere-rue-des-sablons-169x300.jpg 169w, https:\/\/fontyblog.fr\/wp-content\/uploads\/2026\/09\/ane-vert-theatre-fontainebleau-porte-cochere-rue-des-sablons-768x1364.jpg 768w, https:\/\/fontyblog.fr\/wp-content\/uploads\/2026\/09\/ane-vert-theatre-fontainebleau-porte-cochere-rue-des-sablons-7x12.jpg 7w, https:\/\/fontyblog.fr\/wp-content\/uploads\/2026\/09\/ane-vert-theatre-fontainebleau-porte-cochere-rue-des-sablons-100x178.jpg 100w, https:\/\/fontyblog.fr\/wp-content\/uploads\/2026\/09\/ane-vert-theatre-fontainebleau-porte-cochere-rue-des-sablons.jpg 788w\" sizes=\"auto, (max-width: 576px) 100vw, 576px\" \/><figcaption class=\"wp-element-caption\">6 Rue des Sablons. There\u2019s nothing to suggest it\u2019s a theatre, apart from the sign.<br \/><span class=\"fyb-credit\">Photo: Emmanuel Parrou \/ Fontyblog<\/span><\/figcaption><\/figure>\n<p>Behind it, a cobbled courtyard bathed in sunlight, mauve hibiscus, yellow bistro tables, a bicycle leaning against a stone wall. The noise from the street stops abruptly. Marie-Line Grima, who co-runs the place, puts it better than I do.<\/p>\n<blockquote><p><em>Whenever I walk through the porch and into the courtyard, I\u2019ve always felt as though I were going somewhere else. As though I were entering another world.<\/em><\/p><\/blockquote>\n<p>That\u2019s where I was welcomed one Wednesday in September, outside, around a round table. There were three of them: Yves Patrick Grima and Marie-Line Grima, who run the theatre, and Baptiste Bataille, who is in charge of communications and also performs on this stage.<\/p>\n<p>We\u2019d allowed an hour. I left with <strong>far more than what I\u2019d come looking for<\/strong>.<\/p>\n<figure class=\"wp-block-image size-large\"><img loading=\"lazy\" width=\"576\" height=\"1024\" src=\"https:\/\/fontyblog.fr\/wp-content\/uploads\/2026\/09\/ane-vert-theatre-fontainebleau-cour-pavee-tables-bistrot-576x1024.jpg\" class=\"attachment-large size-large\" alt=\"Yellow bistro tables and cobblestones in the courtyard of the \u00c2ne Vert Th\u00e9\u00e2tre in Fontainebleau\" decoding=\"async\" srcset=\"https:\/\/fontyblog.fr\/wp-content\/uploads\/2026\/09\/ane-vert-theatre-fontainebleau-cour-pavee-tables-bistrot-576x1024.jpg 576w, https:\/\/fontyblog.fr\/wp-content\/uploads\/2026\/09\/ane-vert-theatre-fontainebleau-cour-pavee-tables-bistrot-169x300.jpg 169w, https:\/\/fontyblog.fr\/wp-content\/uploads\/2026\/09\/ane-vert-theatre-fontainebleau-cour-pavee-tables-bistrot-768x1364.jpg 768w, https:\/\/fontyblog.fr\/wp-content\/uploads\/2026\/09\/ane-vert-theatre-fontainebleau-cour-pavee-tables-bistrot-7x12.jpg 7w, https:\/\/fontyblog.fr\/wp-content\/uploads\/2026\/09\/ane-vert-theatre-fontainebleau-cour-pavee-tables-bistrot-100x178.jpg 100w, https:\/\/fontyblog.fr\/wp-content\/uploads\/2026\/09\/ane-vert-theatre-fontainebleau-cour-pavee-tables-bistrot.jpg 788w\" sizes=\"auto, (max-width: 576px) 100vw, 576px\" \/><figcaption class=\"wp-element-caption\">No office, no meeting room. We talk outside, under the hibiscus trees.<br \/><span class=\"fyb-credit\">Photo: Emmanuel Parrou \/ Fontyblog<\/span><\/figcaption><\/figure>\n<h3>A green blanket on a donkey\u2019s back<\/h3>\n<p>First of all, the name \u2013 because we\u2019re all wondering about it.<\/p>\n<p>The buildings date back to the 13th century. Under Louis XII, they housed the town\u2019s first inn. And in the courtyard lived a birch broom maker, who owned some donkeys.<\/p>\n<p>He doesn\u2019t just use these donkeys for work. He hires them out to take ladies for rides. As the ladies wear long dresses and the dresses get dirty, he covers his animals with a green blanket.<\/p>\n<p><strong>In 1523<\/strong>, the brand takes the name of\u2019<strong>Auberge de l\u2019\u00c2ne Vert<\/strong>.<\/p>\n<p>Five centuries later, it is still there, on the fa\u00e7ade, thanks to a roof. The inn has seen its fair share of visitors: Boileau, Mansart, Le N\u00f4tre, d\u2019Alembert, and the jester Triboulet. This is the history of the house, and it is worth telling just as it is.<\/p>\n<p>What remains of the inn is, above all, what you cannot see. The original cobblestones, still lying beneath the concrete slabs. And a large, untreated wooden beam, flush with the floor, <strong>whose age nobody knows any more<\/strong>.<\/p>\n<figure class=\"wp-block-image size-large\"><img loading=\"lazy\" width=\"768\" height=\"1024\" src=\"https:\/\/fontyblog.fr\/wp-content\/uploads\/2026\/09\/ane-vert-theatre-fontainebleau-poutre-ancienne-auberge-768x1024.jpg\" class=\"attachment-large size-large\" alt=\"An untreated wooden beam from the old inn, at the edge of the \u00c2ne Vert Th\u00e9\u00e2tre plateau\" decoding=\"async\" srcset=\"https:\/\/fontyblog.fr\/wp-content\/uploads\/2026\/09\/ane-vert-theatre-fontainebleau-poutre-ancienne-auberge-768x1024.jpg 768w, https:\/\/fontyblog.fr\/wp-content\/uploads\/2026\/09\/ane-vert-theatre-fontainebleau-poutre-ancienne-auberge-225x300.jpg 225w, https:\/\/fontyblog.fr\/wp-content\/uploads\/2026\/09\/ane-vert-theatre-fontainebleau-poutre-ancienne-auberge-9x12.jpg 9w, https:\/\/fontyblog.fr\/wp-content\/uploads\/2026\/09\/ane-vert-theatre-fontainebleau-poutre-ancienne-auberge-100x133.jpg 100w, https:\/\/fontyblog.fr\/wp-content\/uploads\/2026\/09\/ane-vert-theatre-fontainebleau-poutre-ancienne-auberge.jpg 1050w\" sizes=\"auto, (max-width: 768px) 100vw, 768px\" \/><figcaption class=\"wp-element-caption\">The only part of the inn that the public can still see.<br \/><span class=\"fyb-credit\">Photo: \u00c2ne Vert Th\u00e9\u00e2tre<\/span><\/figcaption><\/figure>\n<h3>And seventy-four armchairs<\/h3>\n<p>Now, the figure that explains everything else.<\/p>\n<p>The room has <strong>seventy-four seats<\/strong>. It\u2019s small. And contrary to what one might easily imagine, <strong>it is not an artistic choice<\/strong>.<\/p>\n<blockquote><p><em>For me, it\u2019s a constraint.<\/em><\/p><\/blockquote>\n<p>A financial constraint, to be precise. Because the Green Donkey lives in <strong>more than 95 % of its ticket sales<\/strong>. Grants are available, the council provides support, and this support is appreciated. But it does not make up the entire budget.<\/p>\n<p>Do the maths with Yves Patrick Grima.<\/p>\n<blockquote><p><em>With the recipe for seventy-four people, you don\u2019t pay for fifteen people.<\/em><\/p><\/blockquote>\n<p>That is why we should prioritise <strong>productions that do not require significant resources<\/strong> (number of actors on stage and sets), but <strong>with very high quality standards<\/strong>. This is essential to ensure the long-term future of the artistic work carried out by the \u00c2ne Vert Th\u00e9\u00e2tre, which complements the programmes of the larger theatres.<\/p>\n<figure class=\"wp-block-image size-large\"><img loading=\"lazy\" width=\"800\" height=\"600\" src=\"https:\/\/fontyblog.fr\/wp-content\/uploads\/2026\/09\/ane-vert-theatre-fontainebleau-salle-74-places-1024x768.jpg\" class=\"attachment-large size-large\" alt=\"The 74-seat auditorium at the \u00c2ne Vert Th\u00e9\u00e2tre, seen from the top of the tiered seating, with a bare stage and spotlights\" decoding=\"async\" srcset=\"https:\/\/fontyblog.fr\/wp-content\/uploads\/2026\/09\/ane-vert-theatre-fontainebleau-salle-74-places-1024x768.jpg 1024w, https:\/\/fontyblog.fr\/wp-content\/uploads\/2026\/09\/ane-vert-theatre-fontainebleau-salle-74-places-300x225.jpg 300w, https:\/\/fontyblog.fr\/wp-content\/uploads\/2026\/09\/ane-vert-theatre-fontainebleau-salle-74-places-768x576.jpg 768w, https:\/\/fontyblog.fr\/wp-content\/uploads\/2026\/09\/ane-vert-theatre-fontainebleau-salle-74-places-1536x1152.jpg 1536w, https:\/\/fontyblog.fr\/wp-content\/uploads\/2026\/09\/ane-vert-theatre-fontainebleau-salle-74-places-16x12.jpg 16w, https:\/\/fontyblog.fr\/wp-content\/uploads\/2026\/09\/ane-vert-theatre-fontainebleau-salle-74-places-100x75.jpg 100w, https:\/\/fontyblog.fr\/wp-content\/uploads\/2026\/09\/ane-vert-theatre-fontainebleau-salle-74-places.jpg 1600w\" sizes=\"auto, (max-width: 800px) 100vw, 800px\" \/><figcaption class=\"wp-element-caption\">Seventy-four seats, and plenty of legroom.<br \/><span class=\"fyb-credit\">Photo: \u00c2ne Vert Th\u00e9\u00e2tre<\/span><\/figcaption><\/figure>\n<p>The other side of the coin, however, lies with the audience. The auditorium is well laid out, the acoustics are excellent \u2013 the musicians say so themselves. And we have <strong>legroom<\/strong>, which isn\u2019t all that common.<\/p>\n<blockquote><p><em>There are theatres where, after a quarter of an hour, you find yourself shifting in your seat every minute.<\/em><\/p><\/blockquote>\n<p>At seventy-four, something else happens too. The actor sees the audience, and the audience sees the actor breathing. Baptiste Bataille calls this a sense of closeness. Companies visiting from elsewhere notice it.<\/p>\n<h3>One hundred and ten sessions a year<\/h3>\n<p>What they\u2019ve done with this little room is truly commendable.<\/p>\n<p>A season here lasts about <strong>one hundred and ten sessions<\/strong>. On an annual basis, that works out at one every three days, but in practice the season runs from late September to late May. That makes a total of around <strong>five thousand five hundred admissions<\/strong>.<\/p>\n<p>Respect.<\/p>\n<p><strong>Around thirty different professional shows<\/strong> every year. A third of these are produced in-house by the Naphralytep theatre company, which is in residence at the venue and chaired by Marian Waddington. The other twenty are sourced from Paris, Avignon, elsewhere in France, and sometimes further afield.<\/p>\n<p>Approximately <strong>one fifth of the sessions<\/strong> is aimed at schoolchildren.<\/p>\n<p>And around a hundred spectators are season ticket holders.<\/p>\n<p>The 2026\u20132027 season kicks off on 26 September with <a href=\"https:\/\/fontyblog.fr\/en\/events\/to-the-ends-of-the-earth-gerard-chambre-sings-jacques-brel-at-the-lane-vert-theatre-26-and-27-september-2026\/\">a Jacques Brel<\/a> and draws to a close at the end of May with a <em>Darling<\/em> according to Colette. Between the two, <a href=\"https:\/\/fontyblog.fr\/en\/events\/molieres-insomnia-at-the-lane-vert-theatre-fontainebleau-31-october-and-1-november-2026\/\">Moli\u00e8re<\/a>, Corneille, Camus, the <em>Peer Gynt<\/em> works by Ibsen and Brassens, a New Year\u2019s concert, Christmas shows for young audiences, and <a href=\"https:\/\/fontyblog.fr\/en\/going-out-in-fontainebleau-good-addresses-for-a-successful-evening\/\">on 31 December<\/a> which fills up without anyone having to lift a finger.<\/p>\n<p>This season, there are two events you should make a note of right now, because they\u2019re unlike anything else.<\/p>\n<p>The first one, in January. <em>The \u2018Chests of Shame\u2019<\/em>, about Rose Valland, the curator who secretly catalogued works of art looted during the war. On stage is Pierrette Dupoyet, who has written, directed and performed all her shows solo since 1984, and who has returned to the Avignon Off Festival every year for over forty years.<\/p>\n<p>The second one, in May. <em>A Botanical Daydream with Jean-Jacques Rousseau<\/em>, <strong>played in the courtyard<\/strong>. Not in the hall. In the courtyard, under the hibiscus trees, at 11 am and 4 pm.<\/p>\n<p>That, <a href=\"https:\/\/fontyblog.fr\/en\/cultural-activities-in-fontainebleau\/\">no other theatre in Fontainebleau<\/a> cannot offer it.<\/p>\n<h3>Three questions for Baptiste Bataille<\/h3>\n<p><strong>You started out here as a student.<\/strong> I\u2019d done a workshop with Marie-Line when I was at secondary school. I came back later, as an adult, because I wanted to take it up again. And it was on that occasion that I was offered one of the first projects I starred in.<\/p>\n<p><strong>How many people attend the workshops?<\/strong> Between <strong>one hundred and sixty and one hundred and eighty members<\/strong> every year. <strong>Fifteen workshops<\/strong>, including three in English, performed by seven actors. <strong>It starts at the age of five<\/strong> and it never really stops. In June, each group presents the work they\u2019ve done over the year on stage \u2013 these are the workshop festivals.<\/p>\n<p><strong>\u2018Amateur\u2019 \u2013 is that a word that makes people uncomfortable?<\/strong> Not at all, and that\u2019s precisely why it\u2019s ambiguous. You can perform at an excellent standard as an amateur your whole life. We have some excellent ones. The transition to the professional level isn\u2019t a question of talent; it\u2019s a question of status and the number of performances. This year, the Nouveaux Tr\u00e9teaux theatre company is staging <em>The Extras<\/em>, by Delphine de Vigan, on 7 and 8 November.<\/p>\n<h3>The show we must defend<\/h3>\n<p>I ask them if there is a show in this season\u2019s programme that they would recommend above all others.<\/p>\n<p>Yves Patrick Grima refuses to choose. Then he turns the question round, and his answer is one of the most powerful I heard that afternoon.<\/p>\n<blockquote><p><em>The show that deserves to be highlighted is precisely the one that is of high quality, but whose title lacks the elements needed to capture the audience\u2019s attention.<\/em><\/p><\/blockquote>\n<p>In other words: the show we must defend is the one in which <strong>The title doesn\u2019t mean anything to anyone<\/strong>.<\/p>\n<p>Baptiste Bataille adds.<\/p>\n<blockquote><p><em>Every year, there are some really good shows that attract slightly smaller audiences because the title isn\u2019t well known, because the writer isn\u2019t well known, and because the theatre company isn\u2019t either. And that\u2019s a shame. There\u2019s a real effort to be made to explain the show properly and make people want to come along.<\/em><\/p><\/blockquote>\n<p>One example, among many. They brought in <strong>a company based in Milan<\/strong> featuring a dance performance in French and Italian, exploring intergenerational solidarity and migration. A production that was a challenge to stage, with actors needing accommodation for several nights. A show that deserved a bigger audience than it actually had.<\/p>\n<p>When you put Moli\u00e8re on the programme, everyone knows what to expect. But when you put a Milanese theatre company on the programme that nobody\u2019s heard of, you\u2019ve got to tell people about it. That\u2019s exactly when a theatre needs people to talk about it in ways other than just through a poster.<\/p>\n<h3>The room, when it\u2019s all over<\/h3>\n<p>I ask them if they have a favourite spot here.<\/p>\n<p>Yves Patrick replies, \u2018The theatre,\u2019 without hesitation. Marie-Line replies, \u2018The theatre,\u2019 and \u2018the stage\u2019.<\/p>\n<blockquote><p><em>Once all the performances have finished, you\u2019re free to wander back into the theatre on your own. And all the vibrations from the performances blend together.<\/em><\/p><\/blockquote>\n<p><strong>There\u2019s a spirit in this room.<\/strong><\/p>\n<p>Seventy-four armchairs, a courtyard, a beam whose age no one knows, and five centuries that begin with a green blanket on a donkey\u2019s back.<\/p>\n<p>Seventy-four armchairs, and evenings to be enjoyed, emotions to take home with you.<\/p>\n<p>Seventy-four armchairs.<\/p>\n<p>Seventy-four seats.<\/p>\n<p>Yours?<\/p>\n<figure class=\"wp-block-image size-large\"><img loading=\"lazy\" width=\"800\" height=\"600\" src=\"https:\/\/fontyblog.fr\/wp-content\/uploads\/2026\/09\/ane-vert-theatre-fontainebleau-gradin-vu-de-la-scene-1024x768.jpg\" class=\"attachment-large size-large\" alt=\"The empty auditorium of the \u00c2ne Vert Th\u00e9\u00e2tre, seen from the stage\" decoding=\"async\" srcset=\"https:\/\/fontyblog.fr\/wp-content\/uploads\/2026\/09\/ane-vert-theatre-fontainebleau-gradin-vu-de-la-scene-1024x768.jpg 1024w, https:\/\/fontyblog.fr\/wp-content\/uploads\/2026\/09\/ane-vert-theatre-fontainebleau-gradin-vu-de-la-scene-300x225.jpg 300w, https:\/\/fontyblog.fr\/wp-content\/uploads\/2026\/09\/ane-vert-theatre-fontainebleau-gradin-vu-de-la-scene-768x576.jpg 768w, https:\/\/fontyblog.fr\/wp-content\/uploads\/2026\/09\/ane-vert-theatre-fontainebleau-gradin-vu-de-la-scene-1536x1152.jpg 1536w, https:\/\/fontyblog.fr\/wp-content\/uploads\/2026\/09\/ane-vert-theatre-fontainebleau-gradin-vu-de-la-scene-16x12.jpg 16w, https:\/\/fontyblog.fr\/wp-content\/uploads\/2026\/09\/ane-vert-theatre-fontainebleau-gradin-vu-de-la-scene-100x75.jpg 100w, https:\/\/fontyblog.fr\/wp-content\/uploads\/2026\/09\/ane-vert-theatre-fontainebleau-gradin-vu-de-la-scene.jpg 1600w\" sizes=\"auto, (max-width: 800px) 100vw, 800px\" \/><figcaption class=\"wp-element-caption\">The moment Marie-Line Grima speaks of. When it\u2019s all over.<br \/><span class=\"fyb-credit\">Photo: \u00c2ne Vert Th\u00e9\u00e2tre<\/span><\/figcaption><\/figure>\n<h3>In practice<\/h3>\n<p><a href=\"https:\/\/fontyblog.fr\/en\/places\/green-donkey-theatre\/\">L\u2019\u00c2ne Vert Theatre<\/a>, 6 rue des Sablons, 77300 Fontainebleau. Programme and bookings at <a href=\"https:\/\/www.anevert.fr\/\" target=\"_blank\" rel=\"noopener\">anevert.fr<\/a>. The full programme of upcoming events is updated weekly on <a href=\"https:\/\/fontyblog.fr\/en\/places\/green-donkey-theatre\/\">the \u00c2ne Vert Th\u00e9\u00e2tre page on Fontyblog<\/a>, and in <a href=\"https:\/\/fontyblog.fr\/en\/all-events-4\/\">the website\u2019s calendar<\/a>.<\/p>\n<p><strong>Prices.<\/strong> \u20ac21 per ticket. Concessionary price of \u20ac14 for jobseekers and those on minimum income support. Special rates apply for children\u2019s shows. Groups of ten or more pay \u20ac17 per person.<\/p>\n<p><strong>The membership card.<\/strong> You commit to three shows this season, paid for in advance at \u20ac17 each. The pass then entitles you to the \u20ac17 rate on all other shows throughout the year, with no limit.<\/p>\n<p><strong>Three organisations, one location.<\/strong> L\u2019\u00c2ne Vert Th\u00e9\u00e2tre is the venue. The professional theatre company Naphralytep is in residence there and stages an average of ten shows per season, a good third of which are new productions, with the remaining two-thirds being revivals. Les Nouveaux Tr\u00e9teaux de l\u2019\u00c2ne Vert (ntav.fr) runs the fifteen practical workshops. And the association Les Oreilles de l\u2019\u00c2ne Vert, Or\u00c2ne (oranevert.fr), programmes two shows per season.<\/p>\n<p><strong>Th\u00e9\u00e2tra\u2019Bleau.<\/strong> Twelve days of the festival, organised jointly by the three organisations, featuring shows for young audiences, artistic walks performed around the town by workshop participants, and a grand evening event at the <a href=\"https:\/\/fontyblog.fr\/en\/places\/fontainebleau-municipal-theatre\/\">Municipal theatre<\/a>. The dates for the next event have not yet been finalised.<\/p>","protected":false},"excerpt":{"rendered":"<p>Premier portrait d&rsquo;une nouvelle serie. Ici, le personnage est un lieu : l&rsquo;Ane Vert Theatre, au fond d&rsquo;une cour de Fontainebleau, raconte par ceux qui le font.<\/p>","protected":false},"author":1,"featured_media":12052,"comment_status":"closed","ping_status":"open","sticky":false,"template":"","format":"standard","meta":{"_seopress_titles_title":"\u00c2ne Vert Th\u00e9\u00e2tre \u00e0 Fontainebleau : 74 places, 5 si\u00e8cles","_seopress_titles_desc":"Au fond d'une cour de la rue des Sablons, l'\u00c2ne Vert Th\u00e9\u00e2tre vit \u00e0 95 % de sa billetterie et donne 110 s\u00e9ances par an. Portrait d'une salle de 74 places.","_seopress_robots_index":"","_seopress_robots_follow":"","_seopress_robots_imageindex":"","_seopress_robots_snippet":"","_seopress_robots_primary_cat":"","_seopress_robots_breadcrumbs":"","_seopress_robots_freeze_modified_date":"","_seopress_robots_custom_modified_date":"","_seopress_robots_canonical":"","_seopress_social_fb_title":"","_seopress_social_fb_desc":"","_seopress_social_fb_img":"https:\/\/fontyblog.fr\/wp-content\/uploads\/2026\/09\/ane-vert-theatre-fontainebleau-cour-enseigne.jpg","_seopress_social_fb_img_attachment_id":12052,"_seopress_social_fb_img_width":0,"_seopress_social_fb_img_height":0,"_seopress_social_twitter_title":"","_seopress_social_twitter_desc":"","_seopress_social_twitter_img":"https:\/\/fontyblog.fr\/wp-content\/uploads\/2026\/09\/ane-vert-theatre-fontainebleau-cour-enseigne.jpg","_seopress_social_twitter_img_attachment_id":12052,"_seopress_social_twitter_img_width":0,"_seopress_social_twitter_img_height":0,"_seopress_redirections_value":"","_seopress_redirections_enabled":"","_seopress_redirections_enabled_regex":"","_seopress_redirections_logged_status":"","_seopress_redirections_param":"","_seopress_redirections_type":0,"_seopress_analysis_target_kw":"","_seopress_news_disabled":"","_seopress_video_disabled":"","_seopress_video":[],"_seopress_pro_schemas_manual":[],"_seopress_pro_rich_snippets_disable_all":"","_seopress_pro_rich_snippets_disable":[],"_seopress_pro_schemas":[],"_jet_sm_ready_style":"","_jet_sm_style":"","_jet_sm_controls_values":"","_jet_sm_fonts_collection":"","_jet_sm_fonts_links":"","iawp_total_views":6,"footnotes":""},"categories":[135,104,222],"tags":[],"class_list":["post-12041","post","type-post","status-publish","format-standard","has-post-thumbnail","hentry","category-culture","category-histoire","category-ils-font-fontainebleau"],"_links":{"self":[{"href":"https:\/\/fontyblog.fr\/en\/wp-json\/wp\/v2\/posts\/12041","targetHints":{"allow":["GET"]}}],"collection":[{"href":"https:\/\/fontyblog.fr\/en\/wp-json\/wp\/v2\/posts"}],"about":[{"href":"https:\/\/fontyblog.fr\/en\/wp-json\/wp\/v2\/types\/post"}],"author":[{"embeddable":true,"href":"https:\/\/fontyblog.fr\/en\/wp-json\/wp\/v2\/users\/1"}],"replies":[{"embeddable":true,"href":"https:\/\/fontyblog.fr\/en\/wp-json\/wp\/v2\/comments?post=12041"}],"version-history":[{"count":8,"href":"https:\/\/fontyblog.fr\/en\/wp-json\/wp\/v2\/posts\/12041\/revisions"}],"predecessor-version":[{"id":12061,"href":"https:\/\/fontyblog.fr\/en\/wp-json\/wp\/v2\/posts\/12041\/revisions\/12061"}],"wp:featuredmedia":[{"embeddable":true,"href":"https:\/\/fontyblog.fr\/en\/wp-json\/wp\/v2\/media\/12052"}],"wp:attachment":[{"href":"https:\/\/fontyblog.fr\/en\/wp-json\/wp\/v2\/media?parent=12041"}],"wp:term":[{"taxonomy":"category","embeddable":true,"href":"https:\/\/fontyblog.fr\/en\/wp-json\/wp\/v2\/categories?post=12041"},{"taxonomy":"post_tag","embeddable":true,"href":"https:\/\/fontyblog.fr\/en\/wp-json\/wp\/v2\/tags?post=12041"}],"curies":[{"name":"wp","href":"https:\/\/api.w.org\/{rel}","templated":true}]}}