{"id":12041,"date":"2026-09-05T12:57:16","date_gmt":"2026-09-05T10:57:16","guid":{"rendered":"https:\/\/fontyblog.fr\/fr\/?p=12041"},"modified":"2026-09-05T14:10:12","modified_gmt":"2026-09-05T12:10:12","slug":"74-sessel-und-ein-gruner-esel","status":"publish","type":"post","link":"https:\/\/fontyblog.fr\/de\/soixante-quatorze-fauteuils-et-un-ane-vert\/","title":{"rendered":"74 Sessel und ein gr\u00fcner Esel"},"content":{"rendered":"<p><em>Erster Artikel einer neuen Serie, die sich mit Portr\u00e4ts befasst.<br \/>\nHier ist die Figur ein Ort.<br \/>\nEin Ort, von dem diejenigen erz\u00e4hlen, die ihn gestalten.<\/em><\/p>\n<p>In der Rue des Sablons, zwischen einem Teeladen und einem Immobilienb\u00fcro, befinden sich ein h\u00f6lzernes Tor und ein gr\u00fcnes Schild. Man geht darunter hindurch und <strong>Wir wechseln das Jahrhundert<\/strong>.<\/p>\n<figure class=\"wp-block-image size-large\"><img loading=\"lazy\" width=\"576\" height=\"1024\" src=\"https:\/\/fontyblog.fr\/wp-content\/uploads\/2026\/09\/ane-vert-theatre-fontainebleau-porte-cochere-rue-des-sablons-576x1024.jpg\" class=\"attachment-large size-large\" alt=\"Einfahrtstor des \u201e\u00c2ne Vert Th\u00e9\u00e2tre\u201c, 6 rue des Sablons in Fontainebleau\" decoding=\"async\" srcset=\"https:\/\/fontyblog.fr\/wp-content\/uploads\/2026\/09\/ane-vert-theatre-fontainebleau-porte-cochere-rue-des-sablons-576x1024.jpg 576w, https:\/\/fontyblog.fr\/wp-content\/uploads\/2026\/09\/ane-vert-theatre-fontainebleau-porte-cochere-rue-des-sablons-169x300.jpg 169w, https:\/\/fontyblog.fr\/wp-content\/uploads\/2026\/09\/ane-vert-theatre-fontainebleau-porte-cochere-rue-des-sablons-768x1364.jpg 768w, https:\/\/fontyblog.fr\/wp-content\/uploads\/2026\/09\/ane-vert-theatre-fontainebleau-porte-cochere-rue-des-sablons-7x12.jpg 7w, https:\/\/fontyblog.fr\/wp-content\/uploads\/2026\/09\/ane-vert-theatre-fontainebleau-porte-cochere-rue-des-sablons-100x178.jpg 100w, https:\/\/fontyblog.fr\/wp-content\/uploads\/2026\/09\/ane-vert-theatre-fontainebleau-porte-cochere-rue-des-sablons.jpg 788w\" sizes=\"auto, (max-width: 576px) 100vw, 576px\" \/><figcaption class=\"wp-element-caption\">Rue des Sablons 6. Nichts deutet auf ein Theater hin, au\u00dfer dem Schild.<br \/><span class=\"fyb-credit\">Foto: Emmanuel Parrou \/ Fontyblog<\/span><\/figcaption><\/figure>\n<p>Dahinter ein gepflasterter Innenhof in voller Sonne, violette Hibiskusbl\u00fcten, gelbe Bistrotische, ein Fahrrad, das an einer Steinmauer lehnt. Der Stra\u00dfenl\u00e4rm verstummt schlagartig. Marie-Line Grima, die das Lokal mitleitet, dr\u00fcckt es besser aus als ich.<\/p>\n<blockquote><p><em>Wenn man durch den Vorbau geht und den Hof betritt, hatte ich immer das Gef\u00fchl, an einen anderen Ort zu gelangen. In eine andere Welt.<\/em><\/p><\/blockquote>\n<p>Dort wurde ich an einem Mittwoch im September empfangen, drau\u00dfen, an einem runden Tisch. Sie sind zu dritt: Yves Patrick Grima und Marie-Line Grima, die die Leitung innehaben, sowie Baptiste Bataille, der f\u00fcr die \u00d6ffentlichkeitsarbeit zust\u00e4ndig ist und auch auf dieser B\u00fchne auftritt.<\/p>\n<p>Wir hatten eine Stunde eingeplant. Am Ende habe ich <strong>viel mehr, als ich mir erhofft hatte<\/strong>.<\/p>\n<figure class=\"wp-block-image size-large\"><img loading=\"lazy\" width=\"576\" height=\"1024\" src=\"https:\/\/fontyblog.fr\/wp-content\/uploads\/2026\/09\/ane-vert-theatre-fontainebleau-cour-pavee-tables-bistrot-576x1024.jpg\" class=\"attachment-large size-large\" alt=\"Gelbe Bistrotische und Pflastersteine im Innenhof des Theaters \u201eL&#039;\u00c2ne Vert\u201c in Fontainebleau\" decoding=\"async\" srcset=\"https:\/\/fontyblog.fr\/wp-content\/uploads\/2026\/09\/ane-vert-theatre-fontainebleau-cour-pavee-tables-bistrot-576x1024.jpg 576w, https:\/\/fontyblog.fr\/wp-content\/uploads\/2026\/09\/ane-vert-theatre-fontainebleau-cour-pavee-tables-bistrot-169x300.jpg 169w, https:\/\/fontyblog.fr\/wp-content\/uploads\/2026\/09\/ane-vert-theatre-fontainebleau-cour-pavee-tables-bistrot-768x1364.jpg 768w, https:\/\/fontyblog.fr\/wp-content\/uploads\/2026\/09\/ane-vert-theatre-fontainebleau-cour-pavee-tables-bistrot-7x12.jpg 7w, https:\/\/fontyblog.fr\/wp-content\/uploads\/2026\/09\/ane-vert-theatre-fontainebleau-cour-pavee-tables-bistrot-100x178.jpg 100w, https:\/\/fontyblog.fr\/wp-content\/uploads\/2026\/09\/ane-vert-theatre-fontainebleau-cour-pavee-tables-bistrot.jpg 788w\" sizes=\"auto, (max-width: 576px) 100vw, 576px\" \/><figcaption class=\"wp-element-caption\">Weder B\u00fcro noch Besprechungsraum. Wir unterhalten uns drau\u00dfen, unter den Hibiskusb\u00e4umen.<br \/><span class=\"fyb-credit\">Foto: Emmanuel Parrou \/ Fontyblog<\/span><\/figcaption><\/figure>\n<h3>Eine gr\u00fcne Decke auf dem R\u00fccken eines Esels<\/h3>\n<p>Zun\u00e4chst einmal der Name, denn diese Frage stellen wir uns alle.<\/p>\n<p>Die Geb\u00e4ude stammen aus dem 13. Jahrhundert. Unter Ludwig XII. beherbergten sie das erste Gasthaus der Stadt. Und im Hof lebte ein Birkenbesenmacher, der Esel besa\u00df.<\/p>\n<p>Diese Esel setzt er nicht nur zur Arbeit ein. Er vermietet sie auch, um Damen spazieren zu fahren. Da diese lange Kleider tragen und die Kleider schmutzig werden, deckt er seine Tiere mit einer gr\u00fcnen Decke ab.<\/p>\n<p><strong>Im Jahr 1523<\/strong>, die Marke erh\u00e4lt den Namen\u2019<strong>Gasthaus \u201eDer gr\u00fcne Esel\u201c<\/strong>.<\/p>\n<p>F\u00fcnf Jahrhunderte sp\u00e4ter ist er immer noch da, an der Fassade, dank einer \u00dcberdachung. Das Gasthaus hat schon viele ber\u00fchmte G\u00e4ste beherbergt: Boileau, Mansart, Le N\u00f4tre, d\u2019Alembert und den Hofnarren Triboulet. Das ist die Geschichte des Hauses, und sie ist es wert, so erz\u00e4hlt zu werden, wie sie ist.<\/p>\n<p>Von der Herberge ist vor allem das \u00fcbrig geblieben, was man nicht sieht. Die urspr\u00fcnglichen Pflastersteine, die noch unter den Betonplatten liegen. Und ein dicker Balken aus unbehandeltem Holz, der b\u00fcndig mit der Decke abschlie\u00dft, <strong>dessen Alter niemand mehr kennt<\/strong>.<\/p>\n<figure class=\"wp-block-image size-large\"><img loading=\"lazy\" width=\"768\" height=\"1024\" src=\"https:\/\/fontyblog.fr\/wp-content\/uploads\/2026\/09\/ane-vert-theatre-fontainebleau-poutre-ancienne-auberge-768x1024.jpg\" class=\"attachment-large size-large\" alt=\"Unbehandelter Holzbalken aus dem ehemaligen Gasthaus, direkt am Plateau des \u201e\u00c2ne Vert Th\u00e9\u00e2tre\u201c\" decoding=\"async\" srcset=\"https:\/\/fontyblog.fr\/wp-content\/uploads\/2026\/09\/ane-vert-theatre-fontainebleau-poutre-ancienne-auberge-768x1024.jpg 768w, https:\/\/fontyblog.fr\/wp-content\/uploads\/2026\/09\/ane-vert-theatre-fontainebleau-poutre-ancienne-auberge-225x300.jpg 225w, https:\/\/fontyblog.fr\/wp-content\/uploads\/2026\/09\/ane-vert-theatre-fontainebleau-poutre-ancienne-auberge-9x12.jpg 9w, https:\/\/fontyblog.fr\/wp-content\/uploads\/2026\/09\/ane-vert-theatre-fontainebleau-poutre-ancienne-auberge-100x133.jpg 100w, https:\/\/fontyblog.fr\/wp-content\/uploads\/2026\/09\/ane-vert-theatre-fontainebleau-poutre-ancienne-auberge.jpg 1050w\" sizes=\"auto, (max-width: 768px) 100vw, 768px\" \/><figcaption class=\"wp-element-caption\">Der einzige Teil des Gasthauses, den das Publikum noch sieht.<br \/><span class=\"fyb-credit\">Foto: \u00c2ne Vert Th\u00e9\u00e2tre<\/span><\/figcaption><\/figure>\n<h3>Und vierundsiebzig Sessel<\/h3>\n<p>Nun die Zahl, die alles andere erkl\u00e4rt.<\/p>\n<p>Der Saal hat <strong>74 Pl\u00e4tze<\/strong>. Es ist klein. Und anders als man gemeinhin annimmt, <strong>Das ist keine k\u00fcnstlerische Entscheidung.<\/strong>.<\/p>\n<blockquote><p><em>F\u00fcr mich ist das eine Einschr\u00e4nkung.<\/em><\/p><\/blockquote>\n<p>Eine finanzielle Einschr\u00e4nkung, um genau zu sein. Denn der \u201eGr\u00fcne Esel\u201c lebt in <strong>mehr als 95 % seines Ticketverkaufs<\/strong>. Es gibt Zusch\u00fcsse, die Stadt leistet Unterst\u00fctzung, und diese Unterst\u00fctzung wird gesch\u00e4tzt. Aber sie deckt nicht das gesamte Budget ab.<\/p>\n<p>Rechnen Sie es gemeinsam mit Yves Patrick Grima aus.<\/p>\n<blockquote><p><em>Bei einem Rezept f\u00fcr 74 Personen zahlen Sie nicht f\u00fcr 15 Personen.<\/em><\/p><\/blockquote>\n<p>Deshalb sollte man den Vorzug geben <strong>Produktionen mit geringem Ressourcenbedarf<\/strong> (Anzahl der Darsteller auf der B\u00fchne und Kulissen), aber <strong>sehr hohe Qualit\u00e4tsanspr\u00fcche<\/strong>. Dies ist unerl\u00e4sslich, um die k\u00fcnstlerische Arbeit des \u201e\u00c2ne Vert Th\u00e9\u00e2tre\u201c langfristig zu sichern, die das Programm der gr\u00f6\u00dferen Theaterh\u00e4user erg\u00e4nzt.<\/p>\n<figure class=\"wp-block-image size-large\"><img loading=\"lazy\" width=\"800\" height=\"600\" src=\"https:\/\/fontyblog.fr\/wp-content\/uploads\/2026\/09\/ane-vert-theatre-fontainebleau-salle-74-places-1024x768.jpg\" class=\"attachment-large size-large\" alt=\"Der Saal des \u201e\u00c2ne Vert Th\u00e9\u00e2tre\u201c mit 74 Pl\u00e4tzen, von der obersten Reihe aus gesehen, mit leerer B\u00fchne und Scheinwerfern\" decoding=\"async\" srcset=\"https:\/\/fontyblog.fr\/wp-content\/uploads\/2026\/09\/ane-vert-theatre-fontainebleau-salle-74-places-1024x768.jpg 1024w, https:\/\/fontyblog.fr\/wp-content\/uploads\/2026\/09\/ane-vert-theatre-fontainebleau-salle-74-places-300x225.jpg 300w, https:\/\/fontyblog.fr\/wp-content\/uploads\/2026\/09\/ane-vert-theatre-fontainebleau-salle-74-places-768x576.jpg 768w, https:\/\/fontyblog.fr\/wp-content\/uploads\/2026\/09\/ane-vert-theatre-fontainebleau-salle-74-places-1536x1152.jpg 1536w, https:\/\/fontyblog.fr\/wp-content\/uploads\/2026\/09\/ane-vert-theatre-fontainebleau-salle-74-places-16x12.jpg 16w, https:\/\/fontyblog.fr\/wp-content\/uploads\/2026\/09\/ane-vert-theatre-fontainebleau-salle-74-places-100x75.jpg 100w, https:\/\/fontyblog.fr\/wp-content\/uploads\/2026\/09\/ane-vert-theatre-fontainebleau-salle-74-places.jpg 1600w\" sizes=\"auto, (max-width: 800px) 100vw, 800px\" \/><figcaption class=\"wp-element-caption\">74 Sitzpl\u00e4tze und viel Beinfreiheit.<br \/><span class=\"fyb-credit\">Foto: \u00c2ne Vert Th\u00e9\u00e2tre<\/span><\/figcaption><\/figure>\n<p>Die andere Seite liegt beim Zuschauer. Der Saal ist gut ausgestattet, die Akustik ist sehr gut, das sagen zumindest die Musiker. Und wir haben <strong>Beinfreiheit<\/strong>, was nicht allzu h\u00e4ufig vorkommt.<\/p>\n<blockquote><p><em>Es gibt Theater, in denen man nach einer Viertelstunde jede Minute den Sitzplatz wechselt.<\/em><\/p><\/blockquote>\n<p>Mit vierundsiebzig passiert auch noch etwas anderes. Der Schauspieler sieht das Publikum, das Publikum sieht, wie der Schauspieler atmet. Baptiste Bataille nennt das \u201eN\u00e4he\u201c. Theatergruppen, die von anderswo kommen, bemerken das.<\/p>\n<h3>110 Sitzungen pro Jahr<\/h3>\n<p>Was sie aus diesem kleinen Saal machen, verdient Anerkennung.<\/p>\n<p>Eine Saison dauert hier etwa <strong>einhundertzehn Sitzungen<\/strong>. Auf das Jahr umgerechnet entspricht das einer Veranstaltung alle drei Tage, doch in der Praxis dauert die Saison von Ende September bis Ende Mai. Insgesamt sind das etwa <strong>f\u00fcnftausendf\u00fcnfhundert Besucher<\/strong>.<\/p>\n<p>Respekt.<\/p>\n<p><strong>Etwa drei\u00dfig verschiedene professionelle Auff\u00fchrungen<\/strong> jedes Jahr. Ein Drittel davon wird vor Ort produziert, und zwar von der Theatergruppe Naphralytep, die in den R\u00e4umlichkeiten ans\u00e4ssig ist und deren Vorsitzende Marian Waddington ist. Die \u00fcbrigen zwanzig holen sie sich in Paris, in Avignon, anderswo in Frankreich und manchmal auch weiter entfernt.<\/p>\n<p>Ungef\u00e4hr <strong>ein F\u00fcnftel der Sitzungen<\/strong> ist f\u00fcr Schulklassen bestimmt.<\/p>\n<p>Und etwa hundert Zuschauer haben ein Abonnement.<\/p>\n<p>Die Saison 2026\u20132027 beginnt am 26. September mit <a href=\"https:\/\/fontyblog.fr\/de\/events\/bis-ans-ende-der-welt-gerard-chambre-singt-jacques-brel-im-theatre-lane-vert-am-26-und-27-september-2026\/\">ein Jacques Brel<\/a> und endet Ende Mai mit einem <em>Liebling<\/em> nach Colette. Dazwischen, <a href=\"https:\/\/fontyblog.fr\/de\/events\/les-insomnies-de-moliere-im-theatre-de-fontainebleau-lane-vert-31-oktober-und-1-november-2026\/\">Moli\u00e8re<\/a>, Corneille, Camus, der <em>Peer Gynt<\/em> von Ibsen, Brassens, ein Neujahrskonzert, Theaterst\u00fccke f\u00fcr Kinder zu Weihnachten und <a href=\"https:\/\/fontyblog.fr\/de\/ausgehen-in-fontainebleau-gute-adressen-fuer-einen-gelungenen-abend\/\">ein 31. Dezember<\/a> die sich von selbst f\u00fcllt, ohne dass jemand auch nur einen Finger r\u00fchren muss.<\/p>\n<p>In dieser Saison gibt es zwei Termine, die man sich schon jetzt vormerken sollte, denn sie sind mit nichts anderem zu vergleichen.<\/p>\n<p>Das erste, im Januar. <em>Die \u201eKassen der Schande\u201c<\/em>, \u00fcber Rose Valland, jene Konservatorin, die heimlich die w\u00e4hrend des Krieges geraubten Kunstwerke katalogisierte. Auf der B\u00fchne steht Pierrette Dupoyet, die seit 1984 alle ihre St\u00fccke selbst schreibt, inszeniert und allein spielt und seit \u00fcber vierzig Jahren jedes Jahr zum Festival Off d\u2019Avignon zur\u00fcckkehrt.<\/p>\n<p>Der zweite im Mai. <em>Botanische Tr\u00e4umerei mit Jean-Jacques Rousseau<\/em>, <strong>im Hof gespielt<\/strong>. Nicht im Saal. Im Innenhof, unter den Hibiskusb\u00e4umen, um 11 Uhr und um 16 Uhr.<\/p>\n<p>Das, <a href=\"https:\/\/fontyblog.fr\/de\/kulturelle-aktivitaten-in-fontainebleau\/\">kein anderes Theater in Fontainebleau<\/a> kann dies nicht anbieten.<\/p>\n<h3>Drei Fragen an Baptiste Bataille<\/h3>\n<p><strong>Sie haben hier als Sch\u00fcler angefangen.<\/strong> Ich hatte schon in der Oberstufe einen Workshop bei Marie-Line besucht. Sp\u00e4ter, als Erwachsener, kam ich wieder dorthin, weil ich Lust hatte, wieder damit anzufangen. Und bei dieser Gelegenheit wurde mir eines der ersten Projekte angeboten, in denen ich mitgespielt habe.<\/p>\n<p><strong>Wie viele Personen nehmen an den Workshops teil?<\/strong> Zwischen <strong>einhundertsechzig und einhundertachtzig Mitglieder<\/strong> jedes Jahr. <strong>F\u00fcnfzehn Workshops<\/strong>, davon drei auf Englisch, gespielt von sieben Schauspielern. <strong>Es beginnt im Alter von f\u00fcnf Jahren<\/strong> Und es h\u00f6rt eigentlich nie wirklich auf. Im Juni pr\u00e4sentiert jede Gruppe ihre Arbeit des Jahres auf der B\u00fchne \u2013 das sind die Werkstattfeste.<\/p>\n<p><strong>\u201eAmateur\u201c \u2013 ist das ein Wort, das st\u00f6rt?<\/strong> Ganz und gar nicht, und genau deshalb ist das so zweideutig. Man kann sein ganzes Leben lang als Amateur auf sehr hohem Niveau spielen. Wir haben einige hervorragende Amateure. Der Wechsel ins Profilager ist keine Frage des Talents, sondern eine Frage des Status und der Anzahl der Auff\u00fchrungen. In diesem Jahr bringt die Truppe \u201eLes Nouveaux Tr\u00e9teaux\u201c <em>Die Statisten<\/em>, von Delphine de Vigan, am 7. und 8. November.<\/p>\n<h3>Die Show, f\u00fcr die man sich einsetzen muss<\/h3>\n<p>Ich frage sie, ob es in dieser Spielzeit eine Vorstellung gibt, die sie vor allen anderen empfehlen w\u00fcrden.<\/p>\n<p>Yves Patrick Grima weigert sich, sich zu entscheiden. Dann dreht er die Frage um, und seine Antwort ist eine der eindr\u00fccklichsten, die ich an jenem Nachmittag geh\u00f6rt habe.<\/p>\n<blockquote><p><em>Gerade jene Vorstellungen sollten besonders hervorgehoben werden, die zwar qualitativ hochwertig sind, deren Titel jedoch keine Elemente enth\u00e4lt, die die Aufmerksamkeit des Publikums auf sich ziehen.<\/em><\/p><\/blockquote>\n<p>Mit anderen Worten: Die Kunstform, die es zu verteidigen gilt, ist jene, bei der <strong>Der Titel sagt niemandem etwas.<\/strong>.<\/p>\n<p>Baptiste Bataille erg\u00e4nzt.<\/p>\n<blockquote><p><em>Jedes Jahr gibt es sehr gute Vorstellungen, die etwas weniger Publikum anziehen, weil der Titel nicht bekannt ist, weil der Autor nicht bekannt ist und weil auch die Theatergruppe unbekannt ist. Und das ist schade. Es muss wirklich noch viel Arbeit geleistet werden, um die Vorstellung gut zu erkl\u00e4ren und den Leuten Lust zu machen, hinzugehen.<\/em><\/p><\/blockquote>\n<p>Ein Beispiel unter vielen. Sie haben <strong>ein Unternehmen aus Mailand<\/strong> mit einer Tanzauff\u00fchrung auf Franz\u00f6sisch und Italienisch, die sich mit der gegenseitigen Unterst\u00fctzung zwischen den Generationen und mit Migration befasst. Eine aufwendige Produktion, bei der die Schauspieler mehrere N\u00e4chte untergebracht werden mussten. Eine Auff\u00fchrung, die mehr Zuschauer verdient h\u00e4tte, als sie hatte.<\/p>\n<p>Wenn man ein St\u00fcck von Moli\u00e8re ins Programm nimmt, wei\u00df jeder, was ihn erwartet. Wenn man jedoch eine Mail\u00e4nder Theatergruppe ins Programm nimmt, von der noch niemand etwas geh\u00f6rt hat, muss man dar\u00fcber berichten. Genau in solchen F\u00e4llen muss ein Theater daf\u00fcr sorgen, dass man nicht nur \u00fcber das Plakat von ihm spricht.<\/p>\n<h3>Der Saal, wenn alles vorbei ist<\/h3>\n<p>Ich frage sie, ob sie hier einen Lieblingsort haben.<\/p>\n<p>\u201eYves Patrick\u201c, antwortet der Hof, ohne zu z\u00f6gern. \u201eMarie-Line\u201c, antwortet der Hof, \u201eund das Theater.\u201c.<\/p>\n<blockquote><p><em>Wenn alle Vorstellungen vorbei sind, hat man die M\u00f6glichkeit, ganz allein ins Theater zur\u00fcckzukehren. Und all die Schwingungen, die dort herrschten, vermischen sich.<\/em><\/p><\/blockquote>\n<p><strong>Dieser Saal hat eine Seele.<\/strong><\/p>\n<p>74 Sessel, ein Innenhof, ein Balken, dessen Alter niemand kennt, und f\u00fcnf Jahrhunderte, die mit einer gr\u00fcnen Decke auf dem R\u00fccken eines Esels beginnen.<\/p>\n<p>74 Sessel, unvergessliche Abende und Emotionen, die man mit nach Hause nimmt.<\/p>\n<p>74 Sessel.<\/p>\n<p>74 Pl\u00e4tze.<\/p>\n<p>Und Ihre?<\/p>\n<figure class=\"wp-block-image size-large\"><img loading=\"lazy\" width=\"800\" height=\"600\" src=\"https:\/\/fontyblog.fr\/wp-content\/uploads\/2026\/09\/ane-vert-theatre-fontainebleau-gradin-vu-de-la-scene-1024x768.jpg\" class=\"attachment-large size-large\" alt=\"Die leeren R\u00e4nge des \u201e\u00c2ne Vert Th\u00e9\u00e2tre\u201c, von der B\u00fchne aus gesehen\" decoding=\"async\" srcset=\"https:\/\/fontyblog.fr\/wp-content\/uploads\/2026\/09\/ane-vert-theatre-fontainebleau-gradin-vu-de-la-scene-1024x768.jpg 1024w, https:\/\/fontyblog.fr\/wp-content\/uploads\/2026\/09\/ane-vert-theatre-fontainebleau-gradin-vu-de-la-scene-300x225.jpg 300w, https:\/\/fontyblog.fr\/wp-content\/uploads\/2026\/09\/ane-vert-theatre-fontainebleau-gradin-vu-de-la-scene-768x576.jpg 768w, https:\/\/fontyblog.fr\/wp-content\/uploads\/2026\/09\/ane-vert-theatre-fontainebleau-gradin-vu-de-la-scene-1536x1152.jpg 1536w, https:\/\/fontyblog.fr\/wp-content\/uploads\/2026\/09\/ane-vert-theatre-fontainebleau-gradin-vu-de-la-scene-16x12.jpg 16w, https:\/\/fontyblog.fr\/wp-content\/uploads\/2026\/09\/ane-vert-theatre-fontainebleau-gradin-vu-de-la-scene-100x75.jpg 100w, https:\/\/fontyblog.fr\/wp-content\/uploads\/2026\/09\/ane-vert-theatre-fontainebleau-gradin-vu-de-la-scene.jpg 1600w\" sizes=\"auto, (max-width: 800px) 100vw, 800px\" \/><figcaption class=\"wp-element-caption\">Die Stunde, von der Marie-Line Grima spricht. Wenn alles vorbei ist.<br \/><span class=\"fyb-credit\">Foto: \u00c2ne Vert Th\u00e9\u00e2tre<\/span><\/figcaption><\/figure>\n<h3>In der Praxis<\/h3>\n<p><a href=\"https:\/\/fontyblog.fr\/de\/platze\/grunes-theater\/\">Das Theater \u201eL\u2019\u00c2ne Vert\u201c<\/a>, 6 rue des Sablons, 77300 Fontainebleau. Programm und Reservierungen unter <a href=\"https:\/\/www.anevert.fr\/\" target=\"_blank\" rel=\"noopener\">anevert.fr<\/a>. Das gesamte kommende Programm wird im Laufe der Wochen auf <a href=\"https:\/\/fontyblog.fr\/de\/platze\/grunes-theater\/\">die Seite des \u201e\u00c2ne Vert Th\u00e9\u00e2tre\u201c auf Fontyblog<\/a>, und in <a href=\"https:\/\/fontyblog.fr\/de\/alle-veranstaltungen\/\">der Veranstaltungskalender der Website<\/a>.<\/p>\n<p><strong>Preise.<\/strong> 21 \u20ac pro Eintrittskarte. Erm\u00e4\u00dfigter Preis von 14 \u20ac f\u00fcr Arbeitssuchende und Bezieher von Sozialhilfe. Sonderpreise f\u00fcr Vorstellungen f\u00fcr junges Publikum. Gruppenpreis von 17 \u20ac ab zehn Personen.<\/p>\n<p><strong>Die Abokarte.<\/strong> Sie verpflichten sich zum Besuch von drei Vorstellungen der Spielzeit, die im Voraus zu je 17 \u20ac bezahlt werden. Mit der Karte erhalten Sie anschlie\u00dfend auf alle weiteren Vorstellungen des Jahres den Preis von 17 \u20ac, und zwar unbegrenzt.<\/p>\n<p><strong>Drei Einrichtungen, ein Ort.<\/strong> Das \u201eL\u2019\u00c2ne Vert Th\u00e9\u00e2tre\u201c ist der Veranstaltungsort. Die professionelle Theatergruppe Naphralytep ist dort ans\u00e4ssig und f\u00fchrt dort durchschnittlich zehn Vorstellungen pro Spielzeit auf, von denen gut ein Drittel Urauff\u00fchrungen sind, w\u00e4hrend die restlichen zwei Drittel Wiederauff\u00fchrungen sind. Die \u201eNouveaux Tr\u00e9teaux de l\u2019\u00c2ne Vert\u201c (ntav.fr) tragen die f\u00fcnfzehn Workshops aus. Und der Verein \u201eLes Oreilles de l\u2019\u00c2ne Vert\u201c, Or\u00c2ne (oranevert.fr), programmiert zwei Vorstellungen der Spielzeit.<\/p>\n<p><strong>Th\u00e9\u00e2tra\u2019Bleau.<\/strong> Zw\u00f6lf Festivaltage, die gemeinsam von den drei Einrichtungen organisiert werden, mit Vorstellungen f\u00fcr ein junges Publikum, k\u00fcnstlerischen Spazierg\u00e4ngen durch die Stadt, die von den Teilnehmern der Workshops gestaltet werden, und einem gro\u00dfen Abend im <a href=\"https:\/\/fontyblog.fr\/de\/platze\/stadttheater-fontainebleau\/\">Stadttheater<\/a>. Die Termine f\u00fcr die n\u00e4chste Ausgabe stehen noch nicht fest.<\/p>","protected":false},"excerpt":{"rendered":"<p>Premier portrait d&rsquo;une nouvelle serie. Ici, le personnage est un lieu : l&rsquo;Ane Vert Theatre, au fond d&rsquo;une cour de Fontainebleau, raconte par ceux qui le font.<\/p>","protected":false},"author":1,"featured_media":12052,"comment_status":"closed","ping_status":"open","sticky":false,"template":"","format":"standard","meta":{"_seopress_titles_title":"\u00c2ne Vert Th\u00e9\u00e2tre \u00e0 Fontainebleau : 74 places, 5 si\u00e8cles","_seopress_titles_desc":"Au fond d'une cour de la rue des Sablons, l'\u00c2ne Vert Th\u00e9\u00e2tre vit \u00e0 95 % de sa billetterie et donne 110 s\u00e9ances par an. Portrait d'une salle de 74 places.","_seopress_robots_index":"","_seopress_robots_follow":"","_seopress_robots_imageindex":"","_seopress_robots_snippet":"","_seopress_robots_primary_cat":"","_seopress_robots_breadcrumbs":"","_seopress_robots_freeze_modified_date":"","_seopress_robots_custom_modified_date":"","_seopress_robots_canonical":"","_seopress_social_fb_title":"","_seopress_social_fb_desc":"","_seopress_social_fb_img":"https:\/\/fontyblog.fr\/wp-content\/uploads\/2026\/09\/ane-vert-theatre-fontainebleau-cour-enseigne.jpg","_seopress_social_fb_img_attachment_id":12052,"_seopress_social_fb_img_width":0,"_seopress_social_fb_img_height":0,"_seopress_social_twitter_title":"","_seopress_social_twitter_desc":"","_seopress_social_twitter_img":"https:\/\/fontyblog.fr\/wp-content\/uploads\/2026\/09\/ane-vert-theatre-fontainebleau-cour-enseigne.jpg","_seopress_social_twitter_img_attachment_id":12052,"_seopress_social_twitter_img_width":0,"_seopress_social_twitter_img_height":0,"_seopress_redirections_value":"","_seopress_redirections_enabled":"","_seopress_redirections_enabled_regex":"","_seopress_redirections_logged_status":"","_seopress_redirections_param":"","_seopress_redirections_type":0,"_seopress_analysis_target_kw":"","_seopress_news_disabled":"","_seopress_video_disabled":"","_seopress_video":[],"_seopress_pro_schemas_manual":[],"_seopress_pro_rich_snippets_disable_all":"","_seopress_pro_rich_snippets_disable":[],"_seopress_pro_schemas":[],"_jet_sm_ready_style":"","_jet_sm_style":"","_jet_sm_controls_values":"","_jet_sm_fonts_collection":"","_jet_sm_fonts_links":"","iawp_total_views":6,"footnotes":""},"categories":[135,104,222],"tags":[],"class_list":["post-12041","post","type-post","status-publish","format-standard","has-post-thumbnail","hentry","category-culture","category-histoire","category-ils-font-fontainebleau"],"_links":{"self":[{"href":"https:\/\/fontyblog.fr\/de\/wp-json\/wp\/v2\/posts\/12041","targetHints":{"allow":["GET"]}}],"collection":[{"href":"https:\/\/fontyblog.fr\/de\/wp-json\/wp\/v2\/posts"}],"about":[{"href":"https:\/\/fontyblog.fr\/de\/wp-json\/wp\/v2\/types\/post"}],"author":[{"embeddable":true,"href":"https:\/\/fontyblog.fr\/de\/wp-json\/wp\/v2\/users\/1"}],"replies":[{"embeddable":true,"href":"https:\/\/fontyblog.fr\/de\/wp-json\/wp\/v2\/comments?post=12041"}],"version-history":[{"count":8,"href":"https:\/\/fontyblog.fr\/de\/wp-json\/wp\/v2\/posts\/12041\/revisions"}],"predecessor-version":[{"id":12061,"href":"https:\/\/fontyblog.fr\/de\/wp-json\/wp\/v2\/posts\/12041\/revisions\/12061"}],"wp:featuredmedia":[{"embeddable":true,"href":"https:\/\/fontyblog.fr\/de\/wp-json\/wp\/v2\/media\/12052"}],"wp:attachment":[{"href":"https:\/\/fontyblog.fr\/de\/wp-json\/wp\/v2\/media?parent=12041"}],"wp:term":[{"taxonomy":"category","embeddable":true,"href":"https:\/\/fontyblog.fr\/de\/wp-json\/wp\/v2\/categories?post=12041"},{"taxonomy":"post_tag","embeddable":true,"href":"https:\/\/fontyblog.fr\/de\/wp-json\/wp\/v2\/tags?post=12041"}],"curies":[{"name":"wp","href":"https:\/\/api.w.org\/{rel}","templated":true}]}}